{"id":30508,"date":"2025-04-01T08:00:45","date_gmt":"2025-04-01T06:00:45","guid":{"rendered":"https:\/\/salvatoreplata.es\/non-categorizzato\/collar-circonitas-plata-diseno-calidad-oro\/"},"modified":"2025-09-30T11:03:16","modified_gmt":"2025-09-30T09:03:16","slug":"collana-in-argento-e-zirconi-design-qualita-e-versatilita","status":"publish","type":"post","link":"https:\/\/salvatoreplata.es\/it\/collares-de-plata-it\/collana-in-argento-e-zirconi-design-qualita-e-versatilita\/","title":{"rendered":"Collana in argento e zirconi: design, qualit\u00e0 e versatilit\u00e0 in ogni pezzo"},"content":{"rendered":"<p><span class=\"\">Le collane in argento e zirconi sono la scelta perfetta per chi cerca un gioiello che unisca eleganza, qualit\u00e0 e un design senza tempo. Da\u00a0<\/span><a href=\"https:\/\/salvatoreplata-es.translate.goog\/collares-de-plata\/collar-circonitas-plata-diseno-calidad-oro\/?_x_tr_sl=es&amp;_x_tr_tl=it&amp;_x_tr_hl=es&amp;_x_tr_pto=wapp\"><span class=\"\">Salvatore Plata<\/span><\/a><span class=\"\">\u00a0progettiamo i nostri pezzi seguendo gli standard dell&#8217;alta gioielleria, con tecniche tipiche delle collane in oro e diamanti, ma utilizzando materiali pi\u00f9 accessibili come l&#8217;\u00a0<\/span><b><span class=\"\">argento sterling\u00a0<\/span><\/b><span class=\"\">e\u00a0<\/span><b><span class=\"\">gli zirconi di alta qualit\u00e0\u00a0<\/span><\/b><span class=\"\">.<\/span><\/p>\n<p>Grazie alla vasta gamma di stili, finiture e colori, le nostre collane sono l&#8217;accessorio perfetto per ogni occasione. Di seguito vi invitiamo a scoprire cosa rende speciali le nostre collezioni.<\/p>\n<p>&nbsp;<\/p>\n<h2><span class=\"\">Design e qualit\u00e0 nelle collane Salvatore Plata<\/span><\/h2>\n<p>Presso Salvatore Plata le nostre collane in argento con zirconi sono realizzate utilizzando gli stessi procedimenti impiegati nell&#8217;alta gioielleria. Ogni pezzo \u00e8 progettato con attenzione ai dettagli, unendo tradizione e innovazione per creare gioielli che si distinguono per lucentezza e durata.<\/p>\n<p><span class=\"\">La chiave sta nella selezione dei nostri zirconi: scegliamo solo quelli\u00a0<\/span><b><span class=\"\">di altissima qualit\u00e0\u00a0<\/span><\/b><span class=\"\">, con tagli precisi che ne esaltano al massimo la brillantezza e i riflessi. Inoltre, le finiture in rodio o oro aggiungono un tocco di raffinatezza ai pezzi, proteggendoli ed esaltandone la bellezza.<\/span><\/p>\n<p>&nbsp;<\/p>\n<h2><span class=\"\">Le collane in argento con zirconi che vanno di moda<\/span><\/h2>\n<p>Da Salvatore Plata troverete una selezione di collane in argento e zirconi che rispecchiano le tendenze del momento. Modelli adatti a tutti gli stili, dal pi\u00f9 classico al pi\u00f9 audace, adattandosi alle esigenze e ai gusti di ognuno. Di seguito vi presentiamo i nostri pezzi pi\u00f9 notevoli:<\/p>\n<p>&nbsp;<\/p>\n<h3>a) Collane classiche in argento con zirconi colorati. Un must-have senza tempo.<\/h3>\n<p>Le collane con pietre colorate e zirconi bianchi sono una tendenza che non passa mai di moda. Questi pezzi si distinguono per l&#8217;unione dell&#8217;intensa brillantezza degli zirconi bianchi con la prominenza delle pietre centrali in diverse tonalit\u00e0.<\/p>\n\n\t\t<style type=\"text\/css\">\n\t\t\t#gallery-1 {\n\t\t\t\tmargin: auto;\n\t\t\t}\n\t\t\t#gallery-1 .gallery-item {\n\t\t\t\tfloat: left;\n\t\t\t\tmargin-top: 10px;\n\t\t\t\ttext-align: center;\n\t\t\t\twidth: 33%;\n\t\t\t}\n\t\t\t#gallery-1 img {\n\t\t\t\tborder: 2px solid #cfcfcf;\n\t\t\t}\n\t\t\t#gallery-1 .gallery-caption {\n\t\t\t\tmargin-left: 0;\n\t\t\t}\n\t\t\t\/* see gallery_shortcode() in wp-includes\/media.php *\/\n\t\t<\/style>\n\t\t<div id='gallery-1' class='gallery galleryid-30508 gallery-columns-3 gallery-size-thumbnail'><dl class='gallery-item'>\n\t\t\t<dt class='gallery-icon landscape'>\n\t\t\t\t<a data-rel=\"iLightbox[postimages]\" data-title=\"Collares cla\u0301sicos con circonitas de color verde\" data-caption=\"\" href='https:\/\/salvatoreplata.es\/it\/collares-de-plata-it\/collana-in-argento-e-zirconi-design-qualita-e-versatilita\/attachment\/collares-clasicos-con-circonitas-de-color-verde-2\/'><img decoding=\"async\" width=\"300\" height=\"300\" src=\"https:\/\/salvatoreplata.es\/wp-content\/uploads\/2025\/02\/Collares-clasicos-con-circonitas-de-color-verde-300x300.jpg\" class=\"attachment-thumbnail size-thumbnail\" alt=\"Collares cl\u00e1sicos con circonitas de color\" srcset=\"https:\/\/salvatoreplata.es\/wp-content\/uploads\/2025\/02\/Collares-clasicos-con-circonitas-de-color-verde-66x66.jpg 66w, https:\/\/salvatoreplata.es\/wp-content\/uploads\/2025\/02\/Collares-clasicos-con-circonitas-de-color-verde-200x200.jpg 200w, https:\/\/salvatoreplata.es\/wp-content\/uploads\/2025\/02\/Collares-clasicos-con-circonitas-de-color-verde-300x300.jpg 300w, https:\/\/salvatoreplata.es\/wp-content\/uploads\/2025\/02\/Collares-clasicos-con-circonitas-de-color-verde-400x400.jpg 400w, https:\/\/salvatoreplata.es\/wp-content\/uploads\/2025\/02\/Collares-clasicos-con-circonitas-de-color-verde-600x600.jpg 600w, https:\/\/salvatoreplata.es\/wp-content\/uploads\/2025\/02\/Collares-clasicos-con-circonitas-de-color-verde-768x768.jpg 768w, https:\/\/salvatoreplata.es\/wp-content\/uploads\/2025\/02\/Collares-clasicos-con-circonitas-de-color-verde-800x800.jpg 800w, https:\/\/salvatoreplata.es\/wp-content\/uploads\/2025\/02\/Collares-clasicos-con-circonitas-de-color-verde-1200x1200.jpg 1200w, https:\/\/salvatoreplata.es\/wp-content\/uploads\/2025\/02\/Collares-clasicos-con-circonitas-de-color-verde.jpg 1536w\" sizes=\"(max-width: 300px) 100vw, 300px\" \/><\/a>\n\t\t\t<\/dt><\/dl><dl class='gallery-item'>\n\t\t\t<dt class='gallery-icon landscape'>\n\t\t\t\t<a data-rel=\"iLightbox[postimages]\" data-title=\"Collares cla\u0301sicos con circonitas de color granate\" data-caption=\"\" href='https:\/\/salvatoreplata.es\/it\/collares-de-plata-it\/collana-in-argento-e-zirconi-design-qualita-e-versatilita\/attachment\/collares-clasicos-con-circonitas-de-color-granate-2\/'><img decoding=\"async\" width=\"300\" height=\"300\" src=\"https:\/\/salvatoreplata.es\/wp-content\/uploads\/2025\/02\/Collares-clasicos-con-circonitas-de-color-granate-300x300.jpg\" class=\"attachment-thumbnail size-thumbnail\" alt=\"\" srcset=\"https:\/\/salvatoreplata.es\/wp-content\/uploads\/2025\/02\/Collares-clasicos-con-circonitas-de-color-granate-66x66.jpg 66w, https:\/\/salvatoreplata.es\/wp-content\/uploads\/2025\/02\/Collares-clasicos-con-circonitas-de-color-granate-200x200.jpg 200w, https:\/\/salvatoreplata.es\/wp-content\/uploads\/2025\/02\/Collares-clasicos-con-circonitas-de-color-granate-300x300.jpg 300w, https:\/\/salvatoreplata.es\/wp-content\/uploads\/2025\/02\/Collares-clasicos-con-circonitas-de-color-granate-400x400.jpg 400w, https:\/\/salvatoreplata.es\/wp-content\/uploads\/2025\/02\/Collares-clasicos-con-circonitas-de-color-granate-600x600.jpg 600w, https:\/\/salvatoreplata.es\/wp-content\/uploads\/2025\/02\/Collares-clasicos-con-circonitas-de-color-granate-768x768.jpg 768w, https:\/\/salvatoreplata.es\/wp-content\/uploads\/2025\/02\/Collares-clasicos-con-circonitas-de-color-granate-800x800.jpg 800w, https:\/\/salvatoreplata.es\/wp-content\/uploads\/2025\/02\/Collares-clasicos-con-circonitas-de-color-granate-1200x1200.jpg 1200w, https:\/\/salvatoreplata.es\/wp-content\/uploads\/2025\/02\/Collares-clasicos-con-circonitas-de-color-granate.jpg 1536w\" sizes=\"(max-width: 300px) 100vw, 300px\" \/><\/a>\n\t\t\t<\/dt><\/dl><dl class='gallery-item'>\n\t\t\t<dt class='gallery-icon landscape'>\n\t\t\t\t<a data-rel=\"iLightbox[postimages]\" data-title=\"Collares cla\u0301sicos con circonitas de color azul\" data-caption=\"\" href='https:\/\/salvatoreplata.es\/it\/collares-de-plata-it\/collana-in-argento-e-zirconi-design-qualita-e-versatilita\/attachment\/collares-clasicos-con-circonitas-de-color-azul-2\/'><img decoding=\"async\" width=\"300\" height=\"300\" src=\"https:\/\/salvatoreplata.es\/wp-content\/uploads\/2025\/02\/Collares-clasicos-con-circonitas-de-color-azul-300x300.jpg\" class=\"attachment-thumbnail size-thumbnail\" alt=\"\" srcset=\"https:\/\/salvatoreplata.es\/wp-content\/uploads\/2025\/02\/Collares-clasicos-con-circonitas-de-color-azul-66x66.jpg 66w, https:\/\/salvatoreplata.es\/wp-content\/uploads\/2025\/02\/Collares-clasicos-con-circonitas-de-color-azul-200x200.jpg 200w, https:\/\/salvatoreplata.es\/wp-content\/uploads\/2025\/02\/Collares-clasicos-con-circonitas-de-color-azul-300x300.jpg 300w, https:\/\/salvatoreplata.es\/wp-content\/uploads\/2025\/02\/Collares-clasicos-con-circonitas-de-color-azul-400x400.jpg 400w, https:\/\/salvatoreplata.es\/wp-content\/uploads\/2025\/02\/Collares-clasicos-con-circonitas-de-color-azul-600x600.jpg 600w, https:\/\/salvatoreplata.es\/wp-content\/uploads\/2025\/02\/Collares-clasicos-con-circonitas-de-color-azul-768x768.jpg 768w, https:\/\/salvatoreplata.es\/wp-content\/uploads\/2025\/02\/Collares-clasicos-con-circonitas-de-color-azul-800x800.jpg 800w, https:\/\/salvatoreplata.es\/wp-content\/uploads\/2025\/02\/Collares-clasicos-con-circonitas-de-color-azul-1200x1200.jpg 1200w, https:\/\/salvatoreplata.es\/wp-content\/uploads\/2025\/02\/Collares-clasicos-con-circonitas-de-color-azul.jpg 1536w\" sizes=\"(max-width: 300px) 100vw, 300px\" \/><\/a>\n\t\t\t<\/dt><\/dl><br style=\"clear: both\" \/>\n\t\t<\/div>\n\n<p><span class=\"VIpgJd-yAWNEb-VIpgJd-fmcmS-sn54Q\">In questa categoria troviamo le collane della collezione\u00a0<\/span><a href=\"https:\/\/translate.google.com\/website?sl=es&amp;tl=it&amp;hl=es&amp;client=webapp&amp;u=https:\/\/collections.salvatoreplata.es\/autograph-summer\/crown\/?_gl%3D1*52yvm*_up*MQ..*_ga*MTAwNTc0NTUxMC4xNzM5ODc4NzU5*_ga_PZTG4L18GG*MTczOTg3ODc1OS4xLjAuMTczOTg3ODc1OS4wLjAuMA..\"><b><span class=\"VIpgJd-yAWNEb-VIpgJd-fmcmS-sn54Q\">CROWN<\/span><\/b><\/a><span class=\"VIpgJd-yAWNEb-VIpgJd-fmcmS-sn54Q\">\u00a0, che comprendono pendenti a forma di rosetta, con pietre preziose coltivate come smeraldi, zaffiri o rubini, circondate da zirconi bianchi che conferiscono un tocco di classica raffinatezza.<\/span><\/p>\n\n\t\t<style type=\"text\/css\">\n\t\t\t#gallery-2 {\n\t\t\t\tmargin: auto;\n\t\t\t}\n\t\t\t#gallery-2 .gallery-item {\n\t\t\t\tfloat: left;\n\t\t\t\tmargin-top: 10px;\n\t\t\t\ttext-align: center;\n\t\t\t\twidth: 50%;\n\t\t\t}\n\t\t\t#gallery-2 img {\n\t\t\t\tborder: 2px solid #cfcfcf;\n\t\t\t}\n\t\t\t#gallery-2 .gallery-caption {\n\t\t\t\tmargin-left: 0;\n\t\t\t}\n\t\t\t\/* see gallery_shortcode() in wp-includes\/media.php *\/\n\t\t<\/style>\n\t\t<div id='gallery-2' class='gallery galleryid-30508 gallery-columns-2 gallery-size-thumbnail'><dl class='gallery-item'>\n\t\t\t<dt class='gallery-icon landscape'>\n\t\t\t\t<a data-rel=\"iLightbox[postimages]\" data-title=\"Collares cla\u0301sicos con circonitas de color azul claro\" data-caption=\"\" href='https:\/\/salvatoreplata.es\/it\/collares-de-plata-it\/collana-in-argento-e-zirconi-design-qualita-e-versatilita\/attachment\/collares-clasicos-con-circonitas-de-color-azul-claro-2\/'><img decoding=\"async\" width=\"300\" height=\"300\" src=\"https:\/\/salvatoreplata.es\/wp-content\/uploads\/2025\/02\/Collares-clasicos-con-circonitas-de-color-azul-claro-300x300.jpg\" class=\"attachment-thumbnail size-thumbnail\" alt=\"Collares cl\u00e1sicos con circonitas de color\" srcset=\"https:\/\/salvatoreplata.es\/wp-content\/uploads\/2025\/02\/Collares-clasicos-con-circonitas-de-color-azul-claro-66x66.jpg 66w, https:\/\/salvatoreplata.es\/wp-content\/uploads\/2025\/02\/Collares-clasicos-con-circonitas-de-color-azul-claro-200x200.jpg 200w, https:\/\/salvatoreplata.es\/wp-content\/uploads\/2025\/02\/Collares-clasicos-con-circonitas-de-color-azul-claro-300x300.jpg 300w, https:\/\/salvatoreplata.es\/wp-content\/uploads\/2025\/02\/Collares-clasicos-con-circonitas-de-color-azul-claro-400x400.jpg 400w, https:\/\/salvatoreplata.es\/wp-content\/uploads\/2025\/02\/Collares-clasicos-con-circonitas-de-color-azul-claro-600x600.jpg 600w, https:\/\/salvatoreplata.es\/wp-content\/uploads\/2025\/02\/Collares-clasicos-con-circonitas-de-color-azul-claro-768x768.jpg 768w, https:\/\/salvatoreplata.es\/wp-content\/uploads\/2025\/02\/Collares-clasicos-con-circonitas-de-color-azul-claro-800x800.jpg 800w, https:\/\/salvatoreplata.es\/wp-content\/uploads\/2025\/02\/Collares-clasicos-con-circonitas-de-color-azul-claro-1200x1200.jpg 1200w, https:\/\/salvatoreplata.es\/wp-content\/uploads\/2025\/02\/Collares-clasicos-con-circonitas-de-color-azul-claro.jpg 1536w\" sizes=\"(max-width: 300px) 100vw, 300px\" \/><\/a>\n\t\t\t<\/dt><\/dl><dl class='gallery-item'>\n\t\t\t<dt class='gallery-icon landscape'>\n\t\t\t\t<a data-rel=\"iLightbox[postimages]\" data-title=\"Collares cla\u0301sicos con circonitas de color rosa\" data-caption=\"\" href='https:\/\/salvatoreplata.es\/it\/collares-de-plata-it\/collana-in-argento-e-zirconi-design-qualita-e-versatilita\/attachment\/collares-clasicos-con-circonitas-de-color-rosa-2\/'><img decoding=\"async\" width=\"300\" height=\"300\" src=\"https:\/\/salvatoreplata.es\/wp-content\/uploads\/2025\/02\/Collares-clasicos-con-circonitas-de-color-rosa-300x300.jpg\" class=\"attachment-thumbnail size-thumbnail\" alt=\"\" srcset=\"https:\/\/salvatoreplata.es\/wp-content\/uploads\/2025\/02\/Collares-clasicos-con-circonitas-de-color-rosa-66x66.jpg 66w, https:\/\/salvatoreplata.es\/wp-content\/uploads\/2025\/02\/Collares-clasicos-con-circonitas-de-color-rosa-200x200.jpg 200w, https:\/\/salvatoreplata.es\/wp-content\/uploads\/2025\/02\/Collares-clasicos-con-circonitas-de-color-rosa-300x300.jpg 300w, https:\/\/salvatoreplata.es\/wp-content\/uploads\/2025\/02\/Collares-clasicos-con-circonitas-de-color-rosa-400x400.jpg 400w, https:\/\/salvatoreplata.es\/wp-content\/uploads\/2025\/02\/Collares-clasicos-con-circonitas-de-color-rosa-600x600.jpg 600w, https:\/\/salvatoreplata.es\/wp-content\/uploads\/2025\/02\/Collares-clasicos-con-circonitas-de-color-rosa-768x768.jpg 768w, https:\/\/salvatoreplata.es\/wp-content\/uploads\/2025\/02\/Collares-clasicos-con-circonitas-de-color-rosa-800x800.jpg 800w, https:\/\/salvatoreplata.es\/wp-content\/uploads\/2025\/02\/Collares-clasicos-con-circonitas-de-color-rosa-1200x1200.jpg 1200w, https:\/\/salvatoreplata.es\/wp-content\/uploads\/2025\/02\/Collares-clasicos-con-circonitas-de-color-rosa.jpg 1536w\" sizes=\"(max-width: 300px) 100vw, 300px\" \/><\/a>\n\t\t\t<\/dt><\/dl><br style=\"clear: both\" \/>\n\t\t<\/div>\n\n<p><span class=\"\">Le collane della collezione\u00a0<\/span><a href=\"https:\/\/translate.google.com\/website?sl=es&amp;tl=it&amp;hl=es&amp;client=webapp&amp;u=https:\/\/collections.salvatoreplata.es\/autograph-summer\/balanced\/?_gl%3D1*bjbwcm*_gcl_au*NTE2MjAxNzU4LjE3Mzk4MDI1Njk.*_ga*ODc2NTIzNTU0LjE3Mzk4MDIxMDU.*_ga_PZTG4L18GG*MTc0MDA0ODgzNC4zLjEuMTc0MDA1MTQ1Ni40My4wLjA.\"><span class=\"\">BALANCE<\/span><\/a><span class=\"\">\u00a0presentano composizioni pi\u00f9 stilizzate, che abbinano zirconi di grandi dimensioni a cascata, optando per colori pi\u00f9 tenui come il rosa o l&#8217;azzurro pastello. Un&#8217;opzione molto versatile da indossare sia nelle occasioni formali che informali.\u00a0<\/span><\/p>\n<p>&nbsp;<\/p>\n<h3>b) Semplici collane in argento con zirconi bianchi. Un articolo essenziale che non pu\u00f2 mancare nel tuo portagioielli.<\/h3>\n<p>&nbsp;<\/p>\n<p>Se cercate una collana con zirconi pi\u00f9 semplice senza rinunciare all&#8217;essenza classica, optate per una collana con catena in argento e pendente in zirconi bianchi come quelle della collezione\u00a0<a href=\"https:\/\/translate.google.com\/website?sl=es&amp;tl=it&amp;hl=es&amp;client=webapp&amp;u=https:\/\/collections.salvatoreplata.es\/autograph-summer\/wedding\/?_gl%3D1*2belll*_up*MQ..*_ga*MTAwNTc0NTUxMC4xNzM5ODc4NzU5*_ga_PZTG4L18GG*MTczOTg3ODc1OS4xLjAuMTczOTg3ODc1OS4wLjAuMA..\">WEDDING<\/a>\u00a0.<\/p>\n\n\t\t<style type=\"text\/css\">\n\t\t\t#gallery-3 {\n\t\t\t\tmargin: auto;\n\t\t\t}\n\t\t\t#gallery-3 .gallery-item {\n\t\t\t\tfloat: left;\n\t\t\t\tmargin-top: 10px;\n\t\t\t\ttext-align: center;\n\t\t\t\twidth: 50%;\n\t\t\t}\n\t\t\t#gallery-3 img {\n\t\t\t\tborder: 2px solid #cfcfcf;\n\t\t\t}\n\t\t\t#gallery-3 .gallery-caption {\n\t\t\t\tmargin-left: 0;\n\t\t\t}\n\t\t\t\/* see gallery_shortcode() in wp-includes\/media.php *\/\n\t\t<\/style>\n\t\t<div id='gallery-3' class='gallery galleryid-30508 gallery-columns-2 gallery-size-thumbnail'><dl class='gallery-item'>\n\t\t\t<dt class='gallery-icon landscape'>\n\t\t\t\t<a data-rel=\"iLightbox[postimages]\" data-title=\"Collares sencillos con circonitas plata blancas\" data-caption=\"\" href='https:\/\/salvatoreplata.es\/it\/collares-de-plata-it\/collana-in-argento-e-zirconi-design-qualita-e-versatilita\/attachment\/collares-sencillos-con-circonitas-plata-blancas-2\/'><img decoding=\"async\" width=\"300\" height=\"300\" src=\"https:\/\/salvatoreplata.es\/wp-content\/uploads\/2025\/02\/Collares-sencillos-con-circonitas-plata-blancas-300x300.jpg\" class=\"attachment-thumbnail size-thumbnail\" alt=\"Collares sencillos con circonitas plata blancas\" srcset=\"https:\/\/salvatoreplata.es\/wp-content\/uploads\/2025\/02\/Collares-sencillos-con-circonitas-plata-blancas-66x66.jpg 66w, https:\/\/salvatoreplata.es\/wp-content\/uploads\/2025\/02\/Collares-sencillos-con-circonitas-plata-blancas-200x200.jpg 200w, https:\/\/salvatoreplata.es\/wp-content\/uploads\/2025\/02\/Collares-sencillos-con-circonitas-plata-blancas-300x300.jpg 300w, https:\/\/salvatoreplata.es\/wp-content\/uploads\/2025\/02\/Collares-sencillos-con-circonitas-plata-blancas-400x400.jpg 400w, https:\/\/salvatoreplata.es\/wp-content\/uploads\/2025\/02\/Collares-sencillos-con-circonitas-plata-blancas-600x600.jpg 600w, https:\/\/salvatoreplata.es\/wp-content\/uploads\/2025\/02\/Collares-sencillos-con-circonitas-plata-blancas-768x768.jpg 768w, https:\/\/salvatoreplata.es\/wp-content\/uploads\/2025\/02\/Collares-sencillos-con-circonitas-plata-blancas-800x800.jpg 800w, https:\/\/salvatoreplata.es\/wp-content\/uploads\/2025\/02\/Collares-sencillos-con-circonitas-plata-blancas-1200x1200.jpg 1200w, https:\/\/salvatoreplata.es\/wp-content\/uploads\/2025\/02\/Collares-sencillos-con-circonitas-plata-blancas.jpg 1536w\" sizes=\"(max-width: 300px) 100vw, 300px\" \/><\/a>\n\t\t\t<\/dt><\/dl><dl class='gallery-item'>\n\t\t\t<dt class='gallery-icon landscape'>\n\t\t\t\t<a data-rel=\"iLightbox[postimages]\" data-title=\"Collares sencillos con circonitas plata blancas 2\" data-caption=\"\" href='https:\/\/salvatoreplata.es\/it\/collares-de-plata-it\/collana-in-argento-e-zirconi-design-qualita-e-versatilita\/attachment\/collares-sencillos-con-circonitas-plata-blancas-2-2\/'><img decoding=\"async\" width=\"300\" height=\"300\" src=\"https:\/\/salvatoreplata.es\/wp-content\/uploads\/2025\/02\/Collares-sencillos-con-circonitas-plata-blancas-2-300x300.jpg\" class=\"attachment-thumbnail size-thumbnail\" alt=\"\" srcset=\"https:\/\/salvatoreplata.es\/wp-content\/uploads\/2025\/02\/Collares-sencillos-con-circonitas-plata-blancas-2-66x66.jpg 66w, https:\/\/salvatoreplata.es\/wp-content\/uploads\/2025\/02\/Collares-sencillos-con-circonitas-plata-blancas-2-200x200.jpg 200w, https:\/\/salvatoreplata.es\/wp-content\/uploads\/2025\/02\/Collares-sencillos-con-circonitas-plata-blancas-2-300x300.jpg 300w, https:\/\/salvatoreplata.es\/wp-content\/uploads\/2025\/02\/Collares-sencillos-con-circonitas-plata-blancas-2-400x400.jpg 400w, https:\/\/salvatoreplata.es\/wp-content\/uploads\/2025\/02\/Collares-sencillos-con-circonitas-plata-blancas-2-600x600.jpg 600w, https:\/\/salvatoreplata.es\/wp-content\/uploads\/2025\/02\/Collares-sencillos-con-circonitas-plata-blancas-2-768x768.jpg 768w, https:\/\/salvatoreplata.es\/wp-content\/uploads\/2025\/02\/Collares-sencillos-con-circonitas-plata-blancas-2-800x800.jpg 800w, https:\/\/salvatoreplata.es\/wp-content\/uploads\/2025\/02\/Collares-sencillos-con-circonitas-plata-blancas-2-1200x1200.jpg 1200w, https:\/\/salvatoreplata.es\/wp-content\/uploads\/2025\/02\/Collares-sencillos-con-circonitas-plata-blancas-2.jpg 1536w\" sizes=\"(max-width: 300px) 100vw, 300px\" \/><\/a>\n\t\t\t<\/dt><\/dl><br style=\"clear: both\" \/>\n\t\t<\/div>\n\n<p>Sono di tendenza le collane con centro a forma di rosetta, in cui uno zircone centrale \u00e8 circondato da piccole scintille che evocano la bellezza dei modelli tradizionali.<\/p>\n\n\t\t<style type=\"text\/css\">\n\t\t\t#gallery-4 {\n\t\t\t\tmargin: auto;\n\t\t\t}\n\t\t\t#gallery-4 .gallery-item {\n\t\t\t\tfloat: left;\n\t\t\t\tmargin-top: 10px;\n\t\t\t\ttext-align: center;\n\t\t\t\twidth: 33%;\n\t\t\t}\n\t\t\t#gallery-4 img {\n\t\t\t\tborder: 2px solid #cfcfcf;\n\t\t\t}\n\t\t\t#gallery-4 .gallery-caption {\n\t\t\t\tmargin-left: 0;\n\t\t\t}\n\t\t\t\/* see gallery_shortcode() in wp-includes\/media.php *\/\n\t\t<\/style>\n\t\t<div id='gallery-4' class='gallery galleryid-30508 gallery-columns-3 gallery-size-thumbnail'><dl class='gallery-item'>\n\t\t\t<dt class='gallery-icon landscape'>\n\t\t\t\t<a data-rel=\"iLightbox[postimages]\" data-title=\"Collares sencillos con circonitas plata blancas 3\" data-caption=\"\" href='https:\/\/salvatoreplata.es\/it\/collares-de-plata-it\/collana-in-argento-e-zirconi-design-qualita-e-versatilita\/attachment\/collares-sencillos-con-circonitas-plata-blancas-3-2\/'><img decoding=\"async\" width=\"300\" height=\"300\" src=\"https:\/\/salvatoreplata.es\/wp-content\/uploads\/2025\/02\/Collares-sencillos-con-circonitas-plata-blancas-3-300x300.jpg\" class=\"attachment-thumbnail size-thumbnail\" alt=\"Collares sencillos con circonitas plata blancas\" srcset=\"https:\/\/salvatoreplata.es\/wp-content\/uploads\/2025\/02\/Collares-sencillos-con-circonitas-plata-blancas-3-66x66.jpg 66w, https:\/\/salvatoreplata.es\/wp-content\/uploads\/2025\/02\/Collares-sencillos-con-circonitas-plata-blancas-3-200x200.jpg 200w, https:\/\/salvatoreplata.es\/wp-content\/uploads\/2025\/02\/Collares-sencillos-con-circonitas-plata-blancas-3-300x300.jpg 300w, https:\/\/salvatoreplata.es\/wp-content\/uploads\/2025\/02\/Collares-sencillos-con-circonitas-plata-blancas-3-400x400.jpg 400w, https:\/\/salvatoreplata.es\/wp-content\/uploads\/2025\/02\/Collares-sencillos-con-circonitas-plata-blancas-3-600x600.jpg 600w, https:\/\/salvatoreplata.es\/wp-content\/uploads\/2025\/02\/Collares-sencillos-con-circonitas-plata-blancas-3-768x768.jpg 768w, https:\/\/salvatoreplata.es\/wp-content\/uploads\/2025\/02\/Collares-sencillos-con-circonitas-plata-blancas-3-800x800.jpg 800w, https:\/\/salvatoreplata.es\/wp-content\/uploads\/2025\/02\/Collares-sencillos-con-circonitas-plata-blancas-3-1200x1200.jpg 1200w, https:\/\/salvatoreplata.es\/wp-content\/uploads\/2025\/02\/Collares-sencillos-con-circonitas-plata-blancas-3.jpg 1536w\" sizes=\"(max-width: 300px) 100vw, 300px\" \/><\/a>\n\t\t\t<\/dt><\/dl><dl class='gallery-item'>\n\t\t\t<dt class='gallery-icon landscape'>\n\t\t\t\t<a data-rel=\"iLightbox[postimages]\" data-title=\"Collares sencillos con circonitas plata blancas 4\" data-caption=\"\" href='https:\/\/salvatoreplata.es\/it\/collares-de-plata-it\/collana-in-argento-e-zirconi-design-qualita-e-versatilita\/attachment\/collares-sencillos-con-circonitas-plata-blancas-4-2\/'><img decoding=\"async\" width=\"300\" height=\"300\" src=\"https:\/\/salvatoreplata.es\/wp-content\/uploads\/2025\/02\/Collares-sencillos-con-circonitas-plata-blancas-4--300x300.jpg\" class=\"attachment-thumbnail size-thumbnail\" alt=\"\" srcset=\"https:\/\/salvatoreplata.es\/wp-content\/uploads\/2025\/02\/Collares-sencillos-con-circonitas-plata-blancas-4--66x66.jpg 66w, https:\/\/salvatoreplata.es\/wp-content\/uploads\/2025\/02\/Collares-sencillos-con-circonitas-plata-blancas-4--200x200.jpg 200w, https:\/\/salvatoreplata.es\/wp-content\/uploads\/2025\/02\/Collares-sencillos-con-circonitas-plata-blancas-4--300x300.jpg 300w, https:\/\/salvatoreplata.es\/wp-content\/uploads\/2025\/02\/Collares-sencillos-con-circonitas-plata-blancas-4--400x400.jpg 400w, https:\/\/salvatoreplata.es\/wp-content\/uploads\/2025\/02\/Collares-sencillos-con-circonitas-plata-blancas-4--600x600.jpg 600w, https:\/\/salvatoreplata.es\/wp-content\/uploads\/2025\/02\/Collares-sencillos-con-circonitas-plata-blancas-4--768x768.jpg 768w, https:\/\/salvatoreplata.es\/wp-content\/uploads\/2025\/02\/Collares-sencillos-con-circonitas-plata-blancas-4--800x800.jpg 800w, https:\/\/salvatoreplata.es\/wp-content\/uploads\/2025\/02\/Collares-sencillos-con-circonitas-plata-blancas-4--1200x1200.jpg 1200w, https:\/\/salvatoreplata.es\/wp-content\/uploads\/2025\/02\/Collares-sencillos-con-circonitas-plata-blancas-4-.jpg 1536w\" sizes=\"(max-width: 300px) 100vw, 300px\" \/><\/a>\n\t\t\t<\/dt><\/dl><dl class='gallery-item'>\n\t\t\t<dt class='gallery-icon landscape'>\n\t\t\t\t<a data-rel=\"iLightbox[postimages]\" data-title=\"Collares sencillos con circonitas plata blancas 5\" data-caption=\"\" href='https:\/\/salvatoreplata.es\/it\/collares-de-plata-it\/collana-in-argento-e-zirconi-design-qualita-e-versatilita\/attachment\/collares-sencillos-con-circonitas-plata-blancas-5-2\/'><img decoding=\"async\" width=\"300\" height=\"300\" src=\"https:\/\/salvatoreplata.es\/wp-content\/uploads\/2025\/02\/Collares-sencillos-con-circonitas-plata-blancas-5-300x300.jpg\" class=\"attachment-thumbnail size-thumbnail\" alt=\"\" srcset=\"https:\/\/salvatoreplata.es\/wp-content\/uploads\/2025\/02\/Collares-sencillos-con-circonitas-plata-blancas-5-66x66.jpg 66w, https:\/\/salvatoreplata.es\/wp-content\/uploads\/2025\/02\/Collares-sencillos-con-circonitas-plata-blancas-5-200x200.jpg 200w, https:\/\/salvatoreplata.es\/wp-content\/uploads\/2025\/02\/Collares-sencillos-con-circonitas-plata-blancas-5-300x300.jpg 300w, https:\/\/salvatoreplata.es\/wp-content\/uploads\/2025\/02\/Collares-sencillos-con-circonitas-plata-blancas-5-400x400.jpg 400w, https:\/\/salvatoreplata.es\/wp-content\/uploads\/2025\/02\/Collares-sencillos-con-circonitas-plata-blancas-5-600x600.jpg 600w, https:\/\/salvatoreplata.es\/wp-content\/uploads\/2025\/02\/Collares-sencillos-con-circonitas-plata-blancas-5-768x768.jpg 768w, https:\/\/salvatoreplata.es\/wp-content\/uploads\/2025\/02\/Collares-sencillos-con-circonitas-plata-blancas-5-800x800.jpg 800w, https:\/\/salvatoreplata.es\/wp-content\/uploads\/2025\/02\/Collares-sencillos-con-circonitas-plata-blancas-5-1200x1200.jpg 1200w, https:\/\/salvatoreplata.es\/wp-content\/uploads\/2025\/02\/Collares-sencillos-con-circonitas-plata-blancas-5.jpg 1536w\" sizes=\"(max-width: 300px) 100vw, 300px\" \/><\/a>\n\t\t\t<\/dt><\/dl><br style=\"clear: both\" \/>\n\t\t<\/div>\n\n<p>Spiccano anche le collane a cascata, in cui gli zirconi cadono in una disposizione verticale che conferisce un movimento speciale al design. A seconda di ci\u00f2 che vuoi mettere in risalto, scegli un pendente pi\u00f9 corto o pi\u00f9 lungo.<\/p>\n<p>&nbsp;<\/p>\n<h3>c) Collane in argento con zirconi multicolor che trasmettono gioia e freschezza<\/h3>\n<p>Se ami il colore e stai cercando una collana in argento con zirconi da indossare tutti i giorni, le proposte multicolor di Salvatore Plata sono proprio ci\u00f2 che fa per te. Questi pezzi si distinguono per la loro energia e freschezza, con design che combinano diverse tonalit\u00e0 su catene in argento sterling con finiture in oro o rosa, creando gioielli moderni e vivaci.<\/p>\n\n\t\t<style type=\"text\/css\">\n\t\t\t#gallery-5 {\n\t\t\t\tmargin: auto;\n\t\t\t}\n\t\t\t#gallery-5 .gallery-item {\n\t\t\t\tfloat: left;\n\t\t\t\tmargin-top: 10px;\n\t\t\t\ttext-align: center;\n\t\t\t\twidth: 50%;\n\t\t\t}\n\t\t\t#gallery-5 img {\n\t\t\t\tborder: 2px solid #cfcfcf;\n\t\t\t}\n\t\t\t#gallery-5 .gallery-caption {\n\t\t\t\tmargin-left: 0;\n\t\t\t}\n\t\t\t\/* see gallery_shortcode() in wp-includes\/media.php *\/\n\t\t<\/style>\n\t\t<div id='gallery-5' class='gallery galleryid-30508 gallery-columns-2 gallery-size-thumbnail'><dl class='gallery-item'>\n\t\t\t<dt class='gallery-icon landscape'>\n\t\t\t\t<a data-rel=\"iLightbox[postimages]\" data-title=\"Collares de plata con circonitas multicolor VIBRANT\" data-caption=\"\" href='https:\/\/salvatoreplata.es\/it\/collares-de-plata-it\/collana-in-argento-e-zirconi-design-qualita-e-versatilita\/attachment\/collares-de-plata-con-circonitas-multicolor-vibrant-2\/'><img decoding=\"async\" width=\"300\" height=\"300\" src=\"https:\/\/salvatoreplata.es\/wp-content\/uploads\/2025\/02\/Collares-de-plata-con-circonitas-multicolor-VIBRANT-300x300.jpg\" class=\"attachment-thumbnail size-thumbnail\" alt=\"Collares de plata con circonitas multicolor VIBRANT\" srcset=\"https:\/\/salvatoreplata.es\/wp-content\/uploads\/2025\/02\/Collares-de-plata-con-circonitas-multicolor-VIBRANT-66x66.jpg 66w, https:\/\/salvatoreplata.es\/wp-content\/uploads\/2025\/02\/Collares-de-plata-con-circonitas-multicolor-VIBRANT-200x200.jpg 200w, https:\/\/salvatoreplata.es\/wp-content\/uploads\/2025\/02\/Collares-de-plata-con-circonitas-multicolor-VIBRANT-300x300.jpg 300w, https:\/\/salvatoreplata.es\/wp-content\/uploads\/2025\/02\/Collares-de-plata-con-circonitas-multicolor-VIBRANT-400x400.jpg 400w, https:\/\/salvatoreplata.es\/wp-content\/uploads\/2025\/02\/Collares-de-plata-con-circonitas-multicolor-VIBRANT-600x600.jpg 600w, https:\/\/salvatoreplata.es\/wp-content\/uploads\/2025\/02\/Collares-de-plata-con-circonitas-multicolor-VIBRANT-768x768.jpg 768w, https:\/\/salvatoreplata.es\/wp-content\/uploads\/2025\/02\/Collares-de-plata-con-circonitas-multicolor-VIBRANT-800x800.jpg 800w, https:\/\/salvatoreplata.es\/wp-content\/uploads\/2025\/02\/Collares-de-plata-con-circonitas-multicolor-VIBRANT-1200x1200.jpg 1200w, https:\/\/salvatoreplata.es\/wp-content\/uploads\/2025\/02\/Collares-de-plata-con-circonitas-multicolor-VIBRANT.jpg 1536w\" sizes=\"(max-width: 300px) 100vw, 300px\" \/><\/a>\n\t\t\t<\/dt><\/dl><dl class='gallery-item'>\n\t\t\t<dt class='gallery-icon landscape'>\n\t\t\t\t<a data-rel=\"iLightbox[postimages]\" data-title=\"Collares de plata con circonitas multicolor VIBRANT 2\" data-caption=\"\" href='https:\/\/salvatoreplata.es\/it\/collares-de-plata-it\/collana-in-argento-e-zirconi-design-qualita-e-versatilita\/attachment\/collares-de-plata-con-circonitas-multicolor-vibrant-2-2\/'><img decoding=\"async\" width=\"300\" height=\"300\" src=\"https:\/\/salvatoreplata.es\/wp-content\/uploads\/2025\/02\/Collares-de-plata-con-circonitas-multicolor-VIBRANT-2-300x300.jpg\" class=\"attachment-thumbnail size-thumbnail\" alt=\"\" srcset=\"https:\/\/salvatoreplata.es\/wp-content\/uploads\/2025\/02\/Collares-de-plata-con-circonitas-multicolor-VIBRANT-2-66x66.jpg 66w, https:\/\/salvatoreplata.es\/wp-content\/uploads\/2025\/02\/Collares-de-plata-con-circonitas-multicolor-VIBRANT-2-200x200.jpg 200w, https:\/\/salvatoreplata.es\/wp-content\/uploads\/2025\/02\/Collares-de-plata-con-circonitas-multicolor-VIBRANT-2-300x300.jpg 300w, https:\/\/salvatoreplata.es\/wp-content\/uploads\/2025\/02\/Collares-de-plata-con-circonitas-multicolor-VIBRANT-2-400x400.jpg 400w, https:\/\/salvatoreplata.es\/wp-content\/uploads\/2025\/02\/Collares-de-plata-con-circonitas-multicolor-VIBRANT-2-600x600.jpg 600w, https:\/\/salvatoreplata.es\/wp-content\/uploads\/2025\/02\/Collares-de-plata-con-circonitas-multicolor-VIBRANT-2-768x768.jpg 768w, https:\/\/salvatoreplata.es\/wp-content\/uploads\/2025\/02\/Collares-de-plata-con-circonitas-multicolor-VIBRANT-2-800x800.jpg 800w, https:\/\/salvatoreplata.es\/wp-content\/uploads\/2025\/02\/Collares-de-plata-con-circonitas-multicolor-VIBRANT-2-1200x1200.jpg 1200w, https:\/\/salvatoreplata.es\/wp-content\/uploads\/2025\/02\/Collares-de-plata-con-circonitas-multicolor-VIBRANT-2.jpg 1536w\" sizes=\"(max-width: 300px) 100vw, 300px\" \/><\/a>\n\t\t\t<\/dt><\/dl><br style=\"clear: both\" \/>\n\t\t<\/div>\n\n<p>Tra le proposte pi\u00f9 suggestive ci sono le collane con\u00a0<b>grandi pietre centrali della collezione\u00a0<\/b><a href=\"https:\/\/translate.google.com\/website?sl=es&amp;tl=it&amp;hl=es&amp;client=webapp&amp;u=https:\/\/collections.salvatoreplata.es\/autograph-summer\/vibrant\/?_gl%3D1*4rwtqc*_up*MQ..*_ga*MTAwNTc0NTUxMC4xNzM5ODc4NzU5*_ga_PZTG4L18GG*MTczOTg3ODc1OS4xLjAuMTczOTg3ODc1OS4wLjAuMA..\"><b>VIBRANT<\/b><\/a>\u00a0, accuratamente intagliate e incastonate. Questi modelli, in tonalit\u00e0 come il blu, il viola o il rosa, sono perfetti per giocare con i colori dei tuoi vestiti o per aggiungere un contrasto inaspettato.<\/p>\n\n\t\t<style type=\"text\/css\">\n\t\t\t#gallery-6 {\n\t\t\t\tmargin: auto;\n\t\t\t}\n\t\t\t#gallery-6 .gallery-item {\n\t\t\t\tfloat: left;\n\t\t\t\tmargin-top: 10px;\n\t\t\t\ttext-align: center;\n\t\t\t\twidth: 33%;\n\t\t\t}\n\t\t\t#gallery-6 img {\n\t\t\t\tborder: 2px solid #cfcfcf;\n\t\t\t}\n\t\t\t#gallery-6 .gallery-caption {\n\t\t\t\tmargin-left: 0;\n\t\t\t}\n\t\t\t\/* see gallery_shortcode() in wp-includes\/media.php *\/\n\t\t<\/style>\n\t\t<div id='gallery-6' class='gallery galleryid-30508 gallery-columns-3 gallery-size-thumbnail'><dl class='gallery-item'>\n\t\t\t<dt class='gallery-icon landscape'>\n\t\t\t\t<a data-rel=\"iLightbox[postimages]\" data-title=\"Collares de plata con circonitas multicolor VIBRANT geometrico\" data-caption=\"\" href='https:\/\/salvatoreplata.es\/it\/collares-de-plata-it\/collana-in-argento-e-zirconi-design-qualita-e-versatilita\/attachment\/collares-de-plata-con-circonitas-multicolor-vibrant-geometrico-2\/'><img decoding=\"async\" width=\"300\" height=\"300\" src=\"https:\/\/salvatoreplata.es\/wp-content\/uploads\/2025\/02\/Collares-de-plata-con-circonitas-multicolor-VIBRANT-geometrico-300x300.jpg\" class=\"attachment-thumbnail size-thumbnail\" alt=\"Collares de plata con circonitas multicolor VIBRANT\" srcset=\"https:\/\/salvatoreplata.es\/wp-content\/uploads\/2025\/02\/Collares-de-plata-con-circonitas-multicolor-VIBRANT-geometrico-66x66.jpg 66w, https:\/\/salvatoreplata.es\/wp-content\/uploads\/2025\/02\/Collares-de-plata-con-circonitas-multicolor-VIBRANT-geometrico-200x200.jpg 200w, https:\/\/salvatoreplata.es\/wp-content\/uploads\/2025\/02\/Collares-de-plata-con-circonitas-multicolor-VIBRANT-geometrico-300x300.jpg 300w, https:\/\/salvatoreplata.es\/wp-content\/uploads\/2025\/02\/Collares-de-plata-con-circonitas-multicolor-VIBRANT-geometrico-400x400.jpg 400w, https:\/\/salvatoreplata.es\/wp-content\/uploads\/2025\/02\/Collares-de-plata-con-circonitas-multicolor-VIBRANT-geometrico-600x600.jpg 600w, https:\/\/salvatoreplata.es\/wp-content\/uploads\/2025\/02\/Collares-de-plata-con-circonitas-multicolor-VIBRANT-geometrico-768x768.jpg 768w, https:\/\/salvatoreplata.es\/wp-content\/uploads\/2025\/02\/Collares-de-plata-con-circonitas-multicolor-VIBRANT-geometrico-800x800.jpg 800w, https:\/\/salvatoreplata.es\/wp-content\/uploads\/2025\/02\/Collares-de-plata-con-circonitas-multicolor-VIBRANT-geometrico-1200x1200.jpg 1200w, https:\/\/salvatoreplata.es\/wp-content\/uploads\/2025\/02\/Collares-de-plata-con-circonitas-multicolor-VIBRANT-geometrico.jpg 1536w\" sizes=\"(max-width: 300px) 100vw, 300px\" \/><\/a>\n\t\t\t<\/dt><\/dl><dl class='gallery-item'>\n\t\t\t<dt class='gallery-icon landscape'>\n\t\t\t\t<a data-rel=\"iLightbox[postimages]\" data-title=\"Collares de plata con circonitas multicolor VIBRANT flores\" data-caption=\"\" href='https:\/\/salvatoreplata.es\/it\/collares-de-plata-it\/collana-in-argento-e-zirconi-design-qualita-e-versatilita\/attachment\/collares-de-plata-con-circonitas-multicolor-vibrant-flores-2\/'><img decoding=\"async\" width=\"300\" height=\"300\" src=\"https:\/\/salvatoreplata.es\/wp-content\/uploads\/2025\/02\/Collares-de-plata-con-circonitas-multicolor-VIBRANT-flores-300x300.jpg\" class=\"attachment-thumbnail size-thumbnail\" alt=\"\" srcset=\"https:\/\/salvatoreplata.es\/wp-content\/uploads\/2025\/02\/Collares-de-plata-con-circonitas-multicolor-VIBRANT-flores-66x66.jpg 66w, https:\/\/salvatoreplata.es\/wp-content\/uploads\/2025\/02\/Collares-de-plata-con-circonitas-multicolor-VIBRANT-flores-200x200.jpg 200w, https:\/\/salvatoreplata.es\/wp-content\/uploads\/2025\/02\/Collares-de-plata-con-circonitas-multicolor-VIBRANT-flores-300x300.jpg 300w, https:\/\/salvatoreplata.es\/wp-content\/uploads\/2025\/02\/Collares-de-plata-con-circonitas-multicolor-VIBRANT-flores-400x400.jpg 400w, https:\/\/salvatoreplata.es\/wp-content\/uploads\/2025\/02\/Collares-de-plata-con-circonitas-multicolor-VIBRANT-flores-600x600.jpg 600w, https:\/\/salvatoreplata.es\/wp-content\/uploads\/2025\/02\/Collares-de-plata-con-circonitas-multicolor-VIBRANT-flores-768x768.jpg 768w, https:\/\/salvatoreplata.es\/wp-content\/uploads\/2025\/02\/Collares-de-plata-con-circonitas-multicolor-VIBRANT-flores-800x800.jpg 800w, https:\/\/salvatoreplata.es\/wp-content\/uploads\/2025\/02\/Collares-de-plata-con-circonitas-multicolor-VIBRANT-flores-1200x1200.jpg 1200w, https:\/\/salvatoreplata.es\/wp-content\/uploads\/2025\/02\/Collares-de-plata-con-circonitas-multicolor-VIBRANT-flores.jpg 1536w\" sizes=\"(max-width: 300px) 100vw, 300px\" \/><\/a>\n\t\t\t<\/dt><\/dl><dl class='gallery-item'>\n\t\t\t<dt class='gallery-icon landscape'>\n\t\t\t\t<a data-rel=\"iLightbox[postimages]\" data-title=\"Collares de plata con circonitas multicolor VIBRANT roseton\" data-caption=\"\" href='https:\/\/salvatoreplata.es\/it\/collares-de-plata-it\/collana-in-argento-e-zirconi-design-qualita-e-versatilita\/attachment\/collares-de-plata-con-circonitas-multicolor-vibrant-roseton-2\/'><img decoding=\"async\" width=\"300\" height=\"300\" src=\"https:\/\/salvatoreplata.es\/wp-content\/uploads\/2025\/02\/Collares-de-plata-con-circonitas-multicolor-VIBRANT-roseton-300x300.jpg\" class=\"attachment-thumbnail size-thumbnail\" alt=\"\" srcset=\"https:\/\/salvatoreplata.es\/wp-content\/uploads\/2025\/02\/Collares-de-plata-con-circonitas-multicolor-VIBRANT-roseton-66x66.jpg 66w, https:\/\/salvatoreplata.es\/wp-content\/uploads\/2025\/02\/Collares-de-plata-con-circonitas-multicolor-VIBRANT-roseton-200x200.jpg 200w, https:\/\/salvatoreplata.es\/wp-content\/uploads\/2025\/02\/Collares-de-plata-con-circonitas-multicolor-VIBRANT-roseton-300x300.jpg 300w, https:\/\/salvatoreplata.es\/wp-content\/uploads\/2025\/02\/Collares-de-plata-con-circonitas-multicolor-VIBRANT-roseton-400x400.jpg 400w, https:\/\/salvatoreplata.es\/wp-content\/uploads\/2025\/02\/Collares-de-plata-con-circonitas-multicolor-VIBRANT-roseton-600x600.jpg 600w, https:\/\/salvatoreplata.es\/wp-content\/uploads\/2025\/02\/Collares-de-plata-con-circonitas-multicolor-VIBRANT-roseton-768x768.jpg 768w, https:\/\/salvatoreplata.es\/wp-content\/uploads\/2025\/02\/Collares-de-plata-con-circonitas-multicolor-VIBRANT-roseton-800x800.jpg 800w, https:\/\/salvatoreplata.es\/wp-content\/uploads\/2025\/02\/Collares-de-plata-con-circonitas-multicolor-VIBRANT-roseton-1200x1200.jpg 1200w, https:\/\/salvatoreplata.es\/wp-content\/uploads\/2025\/02\/Collares-de-plata-con-circonitas-multicolor-VIBRANT-roseton.jpg 1536w\" sizes=\"(max-width: 300px) 100vw, 300px\" \/><\/a>\n\t\t\t<\/dt><\/dl><br style=\"clear: both\" \/>\n\t\t<\/div>\n\n<p>Spiccano invece anche le collane con\u00a0<b>composizioni floreali o geometriche\u00a0<\/b>, dove piccoli zirconi colorati si dispongono armoniosamente per creare forme ricche di dettagli e freschezza. Anche questi gioielli appartengono alla collezione VIBRANT.<\/p>\n<p>&nbsp;<\/p>\n<h3>d) Girocolli in argento con zirconi colorati, un tocco per le pi\u00f9 audaci<\/h3>\n<p>Quando si pensa ai choker, \u00e8 inevitabile tornare indietro agli anni &#8217;90, quando hanno vissuto uno dei loro momenti di massimo splendore. E gli anni &#8217;90 sono di moda, e con loro anche i colorati choker con zirconi.<\/p>\n\n\t\t<style type=\"text\/css\">\n\t\t\t#gallery-7 {\n\t\t\t\tmargin: auto;\n\t\t\t}\n\t\t\t#gallery-7 .gallery-item {\n\t\t\t\tfloat: left;\n\t\t\t\tmargin-top: 10px;\n\t\t\t\ttext-align: center;\n\t\t\t\twidth: 50%;\n\t\t\t}\n\t\t\t#gallery-7 img {\n\t\t\t\tborder: 2px solid #cfcfcf;\n\t\t\t}\n\t\t\t#gallery-7 .gallery-caption {\n\t\t\t\tmargin-left: 0;\n\t\t\t}\n\t\t\t\/* see gallery_shortcode() in wp-includes\/media.php *\/\n\t\t<\/style>\n\t\t<div id='gallery-7' class='gallery galleryid-30508 gallery-columns-2 gallery-size-thumbnail'><dl class='gallery-item'>\n\t\t\t<dt class='gallery-icon landscape'>\n\t\t\t\t<a data-rel=\"iLightbox[postimages]\" data-title=\"Gargantillas de plata con circonitas de color2\" data-caption=\"\" href='https:\/\/salvatoreplata.es\/it\/collares-de-plata-it\/collana-in-argento-e-zirconi-design-qualita-e-versatilita\/attachment\/gargantillas-de-plata-con-circonitas-de-color2-2\/'><img decoding=\"async\" width=\"300\" height=\"300\" src=\"https:\/\/salvatoreplata.es\/wp-content\/uploads\/2025\/02\/Gargantillas-de-plata-con-circonitas-de-color2-300x300.jpg\" class=\"attachment-thumbnail size-thumbnail\" alt=\"Gargantillas de plata con circonitas de color\" srcset=\"https:\/\/salvatoreplata.es\/wp-content\/uploads\/2025\/02\/Gargantillas-de-plata-con-circonitas-de-color2-66x66.jpg 66w, https:\/\/salvatoreplata.es\/wp-content\/uploads\/2025\/02\/Gargantillas-de-plata-con-circonitas-de-color2-200x200.jpg 200w, https:\/\/salvatoreplata.es\/wp-content\/uploads\/2025\/02\/Gargantillas-de-plata-con-circonitas-de-color2-300x300.jpg 300w, https:\/\/salvatoreplata.es\/wp-content\/uploads\/2025\/02\/Gargantillas-de-plata-con-circonitas-de-color2-400x400.jpg 400w, https:\/\/salvatoreplata.es\/wp-content\/uploads\/2025\/02\/Gargantillas-de-plata-con-circonitas-de-color2-600x600.jpg 600w, https:\/\/salvatoreplata.es\/wp-content\/uploads\/2025\/02\/Gargantillas-de-plata-con-circonitas-de-color2-768x768.jpg 768w, https:\/\/salvatoreplata.es\/wp-content\/uploads\/2025\/02\/Gargantillas-de-plata-con-circonitas-de-color2-800x800.jpg 800w, https:\/\/salvatoreplata.es\/wp-content\/uploads\/2025\/02\/Gargantillas-de-plata-con-circonitas-de-color2-1200x1200.jpg 1200w, https:\/\/salvatoreplata.es\/wp-content\/uploads\/2025\/02\/Gargantillas-de-plata-con-circonitas-de-color2.jpg 1536w\" sizes=\"(max-width: 300px) 100vw, 300px\" \/><\/a>\n\t\t\t<\/dt><\/dl><dl class='gallery-item'>\n\t\t\t<dt class='gallery-icon landscape'>\n\t\t\t\t<a data-rel=\"iLightbox[postimages]\" data-title=\"Gargantillas de plata con circonitas de color 3\" data-caption=\"\" href='https:\/\/salvatoreplata.es\/it\/collares-de-plata-it\/collana-in-argento-e-zirconi-design-qualita-e-versatilita\/attachment\/gargantillas-de-plata-con-circonitas-de-color-3-2\/'><img decoding=\"async\" width=\"300\" height=\"300\" src=\"https:\/\/salvatoreplata.es\/wp-content\/uploads\/2025\/02\/Gargantillas-de-plata-con-circonitas-de-color-3-300x300.jpg\" class=\"attachment-thumbnail size-thumbnail\" alt=\"\" srcset=\"https:\/\/salvatoreplata.es\/wp-content\/uploads\/2025\/02\/Gargantillas-de-plata-con-circonitas-de-color-3-66x66.jpg 66w, https:\/\/salvatoreplata.es\/wp-content\/uploads\/2025\/02\/Gargantillas-de-plata-con-circonitas-de-color-3-200x200.jpg 200w, https:\/\/salvatoreplata.es\/wp-content\/uploads\/2025\/02\/Gargantillas-de-plata-con-circonitas-de-color-3-300x300.jpg 300w, https:\/\/salvatoreplata.es\/wp-content\/uploads\/2025\/02\/Gargantillas-de-plata-con-circonitas-de-color-3-400x400.jpg 400w, https:\/\/salvatoreplata.es\/wp-content\/uploads\/2025\/02\/Gargantillas-de-plata-con-circonitas-de-color-3-600x600.jpg 600w, https:\/\/salvatoreplata.es\/wp-content\/uploads\/2025\/02\/Gargantillas-de-plata-con-circonitas-de-color-3-768x768.jpg 768w, https:\/\/salvatoreplata.es\/wp-content\/uploads\/2025\/02\/Gargantillas-de-plata-con-circonitas-de-color-3-800x800.jpg 800w, https:\/\/salvatoreplata.es\/wp-content\/uploads\/2025\/02\/Gargantillas-de-plata-con-circonitas-de-color-3-1200x1200.jpg 1200w, https:\/\/salvatoreplata.es\/wp-content\/uploads\/2025\/02\/Gargantillas-de-plata-con-circonitas-de-color-3.jpg 1536w\" sizes=\"(max-width: 300px) 100vw, 300px\" \/><\/a>\n\t\t\t<\/dt><\/dl><br style=\"clear: both\" \/>\n\t\t<\/div>\n\n<p>&nbsp;<\/p>\n<p><span class=\"\">I choker a catena uniscono la delicatezza di una struttura leggera alla brillantezza degli\u00a0<\/span><b><span class=\"\">zirconi colorati disposti a maglie o a gocce\u00a0<\/span><\/b><span class=\"\">. Questi pezzi della collezione VIBRANT sono la scelta perfetta per chi cerca gioielli che si distinguano ma che siano facili da abbinare quotidianamente. Li troverete disponibili in varie tonalit\u00e0.<\/span><\/p>\n<p>&nbsp;<\/p>\n\n\t\t<style type=\"text\/css\">\n\t\t\t#gallery-8 {\n\t\t\t\tmargin: auto;\n\t\t\t}\n\t\t\t#gallery-8 .gallery-item {\n\t\t\t\tfloat: left;\n\t\t\t\tmargin-top: 10px;\n\t\t\t\ttext-align: center;\n\t\t\t\twidth: 50%;\n\t\t\t}\n\t\t\t#gallery-8 img {\n\t\t\t\tborder: 2px solid #cfcfcf;\n\t\t\t}\n\t\t\t#gallery-8 .gallery-caption {\n\t\t\t\tmargin-left: 0;\n\t\t\t}\n\t\t\t\/* see gallery_shortcode() in wp-includes\/media.php *\/\n\t\t<\/style>\n\t\t<div id='gallery-8' class='gallery galleryid-30508 gallery-columns-2 gallery-size-thumbnail'><dl class='gallery-item'>\n\t\t\t<dt class='gallery-icon landscape'>\n\t\t\t\t<a data-rel=\"iLightbox[postimages]\" data-title=\"Gargantillas de plata con circonitas de color 1\" data-caption=\"\" href='https:\/\/salvatoreplata.es\/it\/collares-de-plata-it\/collana-in-argento-e-zirconi-design-qualita-e-versatilita\/attachment\/gargantillas-de-plata-con-circonitas-de-color-1-2\/'><img decoding=\"async\" width=\"300\" height=\"300\" src=\"https:\/\/salvatoreplata.es\/wp-content\/uploads\/2025\/02\/Gargantillas-de-plata-con-circonitas-de-color-1-300x300.jpg\" class=\"attachment-thumbnail size-thumbnail\" alt=\"Gargantillas de plata con circonitas de color 1\" srcset=\"https:\/\/salvatoreplata.es\/wp-content\/uploads\/2025\/02\/Gargantillas-de-plata-con-circonitas-de-color-1-66x66.jpg 66w, https:\/\/salvatoreplata.es\/wp-content\/uploads\/2025\/02\/Gargantillas-de-plata-con-circonitas-de-color-1-200x200.jpg 200w, https:\/\/salvatoreplata.es\/wp-content\/uploads\/2025\/02\/Gargantillas-de-plata-con-circonitas-de-color-1-300x300.jpg 300w, https:\/\/salvatoreplata.es\/wp-content\/uploads\/2025\/02\/Gargantillas-de-plata-con-circonitas-de-color-1-400x400.jpg 400w, https:\/\/salvatoreplata.es\/wp-content\/uploads\/2025\/02\/Gargantillas-de-plata-con-circonitas-de-color-1-600x600.jpg 600w, https:\/\/salvatoreplata.es\/wp-content\/uploads\/2025\/02\/Gargantillas-de-plata-con-circonitas-de-color-1-768x768.jpg 768w, https:\/\/salvatoreplata.es\/wp-content\/uploads\/2025\/02\/Gargantillas-de-plata-con-circonitas-de-color-1-800x800.jpg 800w, https:\/\/salvatoreplata.es\/wp-content\/uploads\/2025\/02\/Gargantillas-de-plata-con-circonitas-de-color-1-1200x1200.jpg 1200w, https:\/\/salvatoreplata.es\/wp-content\/uploads\/2025\/02\/Gargantillas-de-plata-con-circonitas-de-color-1.jpg 1536w\" sizes=\"(max-width: 300px) 100vw, 300px\" \/><\/a>\n\t\t\t<\/dt><\/dl><dl class='gallery-item'>\n\t\t\t<dt class='gallery-icon landscape'>\n\t\t\t\t<a data-rel=\"iLightbox[postimages]\" data-title=\"Gargantillas de plata con circonitas de color 5\" data-caption=\"\" href='https:\/\/salvatoreplata.es\/it\/collares-de-plata-it\/collana-in-argento-e-zirconi-design-qualita-e-versatilita\/attachment\/gargantillas-de-plata-con-circonitas-de-color-5-2\/'><img decoding=\"async\" width=\"300\" height=\"300\" src=\"https:\/\/salvatoreplata.es\/wp-content\/uploads\/2025\/02\/Gargantillas-de-plata-con-circonitas-de-color-5-300x300.jpg\" class=\"attachment-thumbnail size-thumbnail\" alt=\"\" srcset=\"https:\/\/salvatoreplata.es\/wp-content\/uploads\/2025\/02\/Gargantillas-de-plata-con-circonitas-de-color-5-66x66.jpg 66w, https:\/\/salvatoreplata.es\/wp-content\/uploads\/2025\/02\/Gargantillas-de-plata-con-circonitas-de-color-5-200x200.jpg 200w, https:\/\/salvatoreplata.es\/wp-content\/uploads\/2025\/02\/Gargantillas-de-plata-con-circonitas-de-color-5-300x300.jpg 300w, https:\/\/salvatoreplata.es\/wp-content\/uploads\/2025\/02\/Gargantillas-de-plata-con-circonitas-de-color-5-400x400.jpg 400w, https:\/\/salvatoreplata.es\/wp-content\/uploads\/2025\/02\/Gargantillas-de-plata-con-circonitas-de-color-5-600x600.jpg 600w, https:\/\/salvatoreplata.es\/wp-content\/uploads\/2025\/02\/Gargantillas-de-plata-con-circonitas-de-color-5-768x768.jpg 768w, https:\/\/salvatoreplata.es\/wp-content\/uploads\/2025\/02\/Gargantillas-de-plata-con-circonitas-de-color-5-800x800.jpg 800w, https:\/\/salvatoreplata.es\/wp-content\/uploads\/2025\/02\/Gargantillas-de-plata-con-circonitas-de-color-5-1200x1200.jpg 1200w, https:\/\/salvatoreplata.es\/wp-content\/uploads\/2025\/02\/Gargantillas-de-plata-con-circonitas-de-color-5.jpg 1536w\" sizes=\"(max-width: 300px) 100vw, 300px\" \/><\/a>\n\t\t\t<\/dt><\/dl><br style=\"clear: both\" \/>\n\t\t<\/div>\n\n<p>I girocolli completamente tempestati di zirconi colorati offrono un design pi\u00f9 geometrico e uniforme. Questi pezzi strutturati e sorprendenti della collezione VIBRANT sono perfetti per impreziosire qualsiasi outfit, offrendo un&#8217;opzione sofisticata e distintiva.<\/p>\n<p>&nbsp;<\/p>\n<h3>e) Collane in argento placcato oro con zirconi bianchi. Un classico reinventato.<\/h3>\n<p>Se cercate un girocollo meno colorato, i pezzi\u00a0<b>in argento placcato oro\u00a0<\/b>con zirconi bianchi della collezione\u00a0<a href=\"https:\/\/translate.google.com\/website?sl=es&amp;tl=it&amp;hl=es&amp;client=webapp&amp;u=https:\/\/collections.salvatoreplata.es\/autograph\/astral\/\"><b>ASTRAL<\/b><\/a>\u00a0sono un successo sicuro.<\/p>\n\n\t\t<style type=\"text\/css\">\n\t\t\t#gallery-9 {\n\t\t\t\tmargin: auto;\n\t\t\t}\n\t\t\t#gallery-9 .gallery-item {\n\t\t\t\tfloat: left;\n\t\t\t\tmargin-top: 10px;\n\t\t\t\ttext-align: center;\n\t\t\t\twidth: 50%;\n\t\t\t}\n\t\t\t#gallery-9 img {\n\t\t\t\tborder: 2px solid #cfcfcf;\n\t\t\t}\n\t\t\t#gallery-9 .gallery-caption {\n\t\t\t\tmargin-left: 0;\n\t\t\t}\n\t\t\t\/* see gallery_shortcode() in wp-includes\/media.php *\/\n\t\t<\/style>\n\t\t<div id='gallery-9' class='gallery galleryid-30508 gallery-columns-2 gallery-size-thumbnail'><dl class='gallery-item'>\n\t\t\t<dt class='gallery-icon landscape'>\n\t\t\t\t<a data-rel=\"iLightbox[postimages]\" data-title=\"Gargantillas de plata ban\u0303ada en oro con circonitas blancas 1\" data-caption=\"\" href='https:\/\/salvatoreplata.es\/it\/collares-de-plata-it\/collana-in-argento-e-zirconi-design-qualita-e-versatilita\/attachment\/gargantillas-de-plata-banada-en-oro-con-circonitas-blancas-1-2\/'><img decoding=\"async\" width=\"300\" height=\"300\" src=\"https:\/\/salvatoreplata.es\/wp-content\/uploads\/2025\/02\/Gargantillas-de-plata-banada-en-oro-con-circonitas-blancas-1-300x300.jpg\" class=\"attachment-thumbnail size-thumbnail\" alt=\"Gargantillas de plata ban\u0303ada en oro con circonitas blancas 1\" srcset=\"https:\/\/salvatoreplata.es\/wp-content\/uploads\/2025\/02\/Gargantillas-de-plata-banada-en-oro-con-circonitas-blancas-1-66x66.jpg 66w, https:\/\/salvatoreplata.es\/wp-content\/uploads\/2025\/02\/Gargantillas-de-plata-banada-en-oro-con-circonitas-blancas-1-200x200.jpg 200w, https:\/\/salvatoreplata.es\/wp-content\/uploads\/2025\/02\/Gargantillas-de-plata-banada-en-oro-con-circonitas-blancas-1-300x300.jpg 300w, https:\/\/salvatoreplata.es\/wp-content\/uploads\/2025\/02\/Gargantillas-de-plata-banada-en-oro-con-circonitas-blancas-1-400x400.jpg 400w, https:\/\/salvatoreplata.es\/wp-content\/uploads\/2025\/02\/Gargantillas-de-plata-banada-en-oro-con-circonitas-blancas-1-600x600.jpg 600w, https:\/\/salvatoreplata.es\/wp-content\/uploads\/2025\/02\/Gargantillas-de-plata-banada-en-oro-con-circonitas-blancas-1-768x768.jpg 768w, https:\/\/salvatoreplata.es\/wp-content\/uploads\/2025\/02\/Gargantillas-de-plata-banada-en-oro-con-circonitas-blancas-1-800x800.jpg 800w, https:\/\/salvatoreplata.es\/wp-content\/uploads\/2025\/02\/Gargantillas-de-plata-banada-en-oro-con-circonitas-blancas-1-1200x1200.jpg 1200w, https:\/\/salvatoreplata.es\/wp-content\/uploads\/2025\/02\/Gargantillas-de-plata-banada-en-oro-con-circonitas-blancas-1.jpg 1536w\" sizes=\"(max-width: 300px) 100vw, 300px\" \/><\/a>\n\t\t\t<\/dt><\/dl><dl class='gallery-item'>\n\t\t\t<dt class='gallery-icon landscape'>\n\t\t\t\t<a data-rel=\"iLightbox[postimages]\" data-title=\"Gargantillas de plata ban\u0303ada en oro con circonitas blancas 2\" data-caption=\"\" href='https:\/\/salvatoreplata.es\/it\/collares-de-plata-it\/collana-in-argento-e-zirconi-design-qualita-e-versatilita\/attachment\/gargantillas-de-plata-banada-en-oro-con-circonitas-blancas-2-2\/'><img decoding=\"async\" width=\"300\" height=\"300\" src=\"https:\/\/salvatoreplata.es\/wp-content\/uploads\/2025\/02\/Gargantillas-de-plata-banada-en-oro-con-circonitas-blancas-2-300x300.jpg\" class=\"attachment-thumbnail size-thumbnail\" alt=\"\" srcset=\"https:\/\/salvatoreplata.es\/wp-content\/uploads\/2025\/02\/Gargantillas-de-plata-banada-en-oro-con-circonitas-blancas-2-66x66.jpg 66w, https:\/\/salvatoreplata.es\/wp-content\/uploads\/2025\/02\/Gargantillas-de-plata-banada-en-oro-con-circonitas-blancas-2-200x200.jpg 200w, https:\/\/salvatoreplata.es\/wp-content\/uploads\/2025\/02\/Gargantillas-de-plata-banada-en-oro-con-circonitas-blancas-2-300x300.jpg 300w, https:\/\/salvatoreplata.es\/wp-content\/uploads\/2025\/02\/Gargantillas-de-plata-banada-en-oro-con-circonitas-blancas-2-400x400.jpg 400w, https:\/\/salvatoreplata.es\/wp-content\/uploads\/2025\/02\/Gargantillas-de-plata-banada-en-oro-con-circonitas-blancas-2-600x600.jpg 600w, https:\/\/salvatoreplata.es\/wp-content\/uploads\/2025\/02\/Gargantillas-de-plata-banada-en-oro-con-circonitas-blancas-2-768x768.jpg 768w, https:\/\/salvatoreplata.es\/wp-content\/uploads\/2025\/02\/Gargantillas-de-plata-banada-en-oro-con-circonitas-blancas-2-800x800.jpg 800w, https:\/\/salvatoreplata.es\/wp-content\/uploads\/2025\/02\/Gargantillas-de-plata-banada-en-oro-con-circonitas-blancas-2-1200x1200.jpg 1200w, https:\/\/salvatoreplata.es\/wp-content\/uploads\/2025\/02\/Gargantillas-de-plata-banada-en-oro-con-circonitas-blancas-2.jpg 1536w\" sizes=\"(max-width: 300px) 100vw, 300px\" \/><\/a>\n\t\t\t<\/dt><\/dl><br style=\"clear: both\" \/>\n\t\t<\/div>\n\n<h4>Tra le opzioni ci sono modelli leggeri, come le catene decorate con zirconi disposti a forma di goccia. Per chi preferisce uno stile pi\u00f9 classico, i choker con zirconi cubici incastonati e chiusura decorativa rappresentano un&#8217;opzione elegante che non passa mai di moda.<\/h4>\n<p>&nbsp;<\/p>\n<h3>f) Girocollo in argento rodiato con zirconi bianchi. Il cavallo vincente dell&#8217;eleganza.<\/h3>\n<p>Il rodio e gli zirconi bianchi sono una combinazione che non delude mai e, nella forma di un girocollo, raggiungono un livello di raffinatezza unico. Vi presentiamo due modelli in cui gli zirconi bianchi si distinguono per uno stile classico e una lucentezza eccezionale.<\/p>\n\n\t\t<style type=\"text\/css\">\n\t\t\t#gallery-10 {\n\t\t\t\tmargin: auto;\n\t\t\t}\n\t\t\t#gallery-10 .gallery-item {\n\t\t\t\tfloat: left;\n\t\t\t\tmargin-top: 10px;\n\t\t\t\ttext-align: center;\n\t\t\t\twidth: 50%;\n\t\t\t}\n\t\t\t#gallery-10 img {\n\t\t\t\tborder: 2px solid #cfcfcf;\n\t\t\t}\n\t\t\t#gallery-10 .gallery-caption {\n\t\t\t\tmargin-left: 0;\n\t\t\t}\n\t\t\t\/* see gallery_shortcode() in wp-includes\/media.php *\/\n\t\t<\/style>\n\t\t<div id='gallery-10' class='gallery galleryid-30508 gallery-columns-2 gallery-size-thumbnail'><dl class='gallery-item'>\n\t\t\t<dt class='gallery-icon landscape'>\n\t\t\t\t<a data-rel=\"iLightbox[postimages]\" data-title=\"Gargantilla de plata acabado rodio con circonitas blancas 1\" data-caption=\"\" href='https:\/\/salvatoreplata.es\/it\/collares-de-plata-it\/collana-in-argento-e-zirconi-design-qualita-e-versatilita\/attachment\/gargantilla-de-plata-acabado-rodio-con-circonitas-blancas-1-2\/'><img decoding=\"async\" width=\"300\" height=\"300\" src=\"https:\/\/salvatoreplata.es\/wp-content\/uploads\/2025\/02\/Gargantilla-de-plata-acabado-rodio-con-circonitas-blancas-1-300x300.jpg\" class=\"attachment-thumbnail size-thumbnail\" alt=\"Gargantilla de plata acabado rodio con circonitas blancas\" srcset=\"https:\/\/salvatoreplata.es\/wp-content\/uploads\/2025\/02\/Gargantilla-de-plata-acabado-rodio-con-circonitas-blancas-1-66x66.jpg 66w, https:\/\/salvatoreplata.es\/wp-content\/uploads\/2025\/02\/Gargantilla-de-plata-acabado-rodio-con-circonitas-blancas-1-200x200.jpg 200w, https:\/\/salvatoreplata.es\/wp-content\/uploads\/2025\/02\/Gargantilla-de-plata-acabado-rodio-con-circonitas-blancas-1-300x300.jpg 300w, https:\/\/salvatoreplata.es\/wp-content\/uploads\/2025\/02\/Gargantilla-de-plata-acabado-rodio-con-circonitas-blancas-1-400x400.jpg 400w, https:\/\/salvatoreplata.es\/wp-content\/uploads\/2025\/02\/Gargantilla-de-plata-acabado-rodio-con-circonitas-blancas-1-600x600.jpg 600w, https:\/\/salvatoreplata.es\/wp-content\/uploads\/2025\/02\/Gargantilla-de-plata-acabado-rodio-con-circonitas-blancas-1-768x768.jpg 768w, https:\/\/salvatoreplata.es\/wp-content\/uploads\/2025\/02\/Gargantilla-de-plata-acabado-rodio-con-circonitas-blancas-1-800x800.jpg 800w, https:\/\/salvatoreplata.es\/wp-content\/uploads\/2025\/02\/Gargantilla-de-plata-acabado-rodio-con-circonitas-blancas-1-1200x1200.jpg 1200w, https:\/\/salvatoreplata.es\/wp-content\/uploads\/2025\/02\/Gargantilla-de-plata-acabado-rodio-con-circonitas-blancas-1.jpg 1536w\" sizes=\"(max-width: 300px) 100vw, 300px\" \/><\/a>\n\t\t\t<\/dt><\/dl><dl class='gallery-item'>\n\t\t\t<dt class='gallery-icon landscape'>\n\t\t\t\t<a data-rel=\"iLightbox[postimages]\" data-title=\"Gargantilla de plata acabado rodio con circonitas blancas 2\" data-caption=\"\" href='https:\/\/salvatoreplata.es\/it\/collares-de-plata-it\/collana-in-argento-e-zirconi-design-qualita-e-versatilita\/attachment\/gargantilla-de-plata-acabado-rodio-con-circonitas-blancas-2-2\/'><img decoding=\"async\" width=\"300\" height=\"300\" src=\"https:\/\/salvatoreplata.es\/wp-content\/uploads\/2025\/02\/Gargantilla-de-plata-acabado-rodio-con-circonitas-blancas-2-300x300.jpg\" class=\"attachment-thumbnail size-thumbnail\" alt=\"\" srcset=\"https:\/\/salvatoreplata.es\/wp-content\/uploads\/2025\/02\/Gargantilla-de-plata-acabado-rodio-con-circonitas-blancas-2-66x66.jpg 66w, https:\/\/salvatoreplata.es\/wp-content\/uploads\/2025\/02\/Gargantilla-de-plata-acabado-rodio-con-circonitas-blancas-2-200x200.jpg 200w, https:\/\/salvatoreplata.es\/wp-content\/uploads\/2025\/02\/Gargantilla-de-plata-acabado-rodio-con-circonitas-blancas-2-300x300.jpg 300w, https:\/\/salvatoreplata.es\/wp-content\/uploads\/2025\/02\/Gargantilla-de-plata-acabado-rodio-con-circonitas-blancas-2-400x400.jpg 400w, https:\/\/salvatoreplata.es\/wp-content\/uploads\/2025\/02\/Gargantilla-de-plata-acabado-rodio-con-circonitas-blancas-2-600x600.jpg 600w, https:\/\/salvatoreplata.es\/wp-content\/uploads\/2025\/02\/Gargantilla-de-plata-acabado-rodio-con-circonitas-blancas-2-768x768.jpg 768w, https:\/\/salvatoreplata.es\/wp-content\/uploads\/2025\/02\/Gargantilla-de-plata-acabado-rodio-con-circonitas-blancas-2-800x800.jpg 800w, https:\/\/salvatoreplata.es\/wp-content\/uploads\/2025\/02\/Gargantilla-de-plata-acabado-rodio-con-circonitas-blancas-2-1200x1200.jpg 1200w, https:\/\/salvatoreplata.es\/wp-content\/uploads\/2025\/02\/Gargantilla-de-plata-acabado-rodio-con-circonitas-blancas-2.jpg 1536w\" sizes=\"(max-width: 300px) 100vw, 300px\" \/><\/a>\n\t\t\t<\/dt><\/dl><br style=\"clear: both\" \/>\n\t\t<\/div>\n\n<p>&nbsp;<\/p>\n<p>Le proposte della collezione\u00a0<a href=\"https:\/\/translate.google.com\/website?sl=es&amp;tl=it&amp;hl=es&amp;client=webapp&amp;u=https:\/\/collections.salvatoreplata.es\/autograph-summer\/wedding\/?_gl%3D1*1ico9gp*_up*MQ..*_ga*MTAzMzQyOTQ4Ni4xNzM5ODc5MzQz*_ga_PZTG4L18GG*MTczOTg3OTM0Mi4xLjAuMTczOTg3OTM0Mi4wLjAuMA..\"><b>WEDDING<\/b><\/a>\u00a0sono pensate per le occasioni speciali, come matrimoni o eventi eleganti, e offrono un&#8217;eleganza inconfondibile.<\/p>\n<p>&nbsp;<\/p>\n<h2>Perch\u00e9 scegliere una collana in argento e zirconi di Salvatore Plata?<\/h2>\n<p>Con oltre\u00a0<b>30 anni di esperienza\u00a0<\/b>,\u00a0<b>Salvatore Plata\u00a0<\/b>si \u00e8 affermato come punto di riferimento nel mondo della gioielleria grazie al suo impegno verso il design, la qualit\u00e0 e la soddisfazione del cliente. Scegliere una collana del nostro brand significa scegliere:<\/p>\n<ul>\n<li aria-level=\"1\"><b>Design spagnolo esclusivo:\u00a0<\/b>ogni pezzo \u00e8 accuratamente progettato in Spagna per adattarsi a diversi stili e occasioni.<\/li>\n<li aria-level=\"1\"><b>Alta qualit\u00e0:\u00a0<\/b>materiali selezionati, come\u00a0<b>argento sterling\u00a0<\/b>e\u00a0<b>zirconi cubici di alta qualit\u00e0\u00a0<\/b>, garantiscono la durata e la lucentezza di ogni gioiello.<\/li>\n<li aria-level=\"1\"><b>Garanzia di 2 anni:\u00a0<\/b>offriamo una garanzia completa che supporta la qualit\u00e0 dei nostri componenti, a condizione che siano stati utilizzati correttamente.<\/li>\n<li aria-level=\"1\"><b>Certificati atossici e ipoallergenici:\u00a0<\/b>tutti i nostri gioielli sono conformi alle normative europee, garantendo la sicurezza di tutti i tipi di pelle e l&#8217;assenza di materiali nocivi.<\/li>\n<li aria-level=\"1\"><b>Versatilit\u00e0:\u00a0<\/b>le nostre collezioni comprendono capi adatti sia all&#8217;uso quotidiano che alle occasioni speciali, offrendo una soluzione perfetta per ogni occasione.<\/li>\n<\/ul>\n<p>&nbsp;<\/p>\n<h2>Suggerimenti per la cura della tua collana in argento e zirconia<\/h2>\n<p>Una collana in argento con zirconi \u00e8 un gioiello delicato ed elegante che merita cure particolari per preservarne la lucentezza e la bellezza. Sebbene questi pezzi siano realizzati con materiali di alta qualit\u00e0, come argento sterling e zirconi cubici di alta qualit\u00e0, l&#8217;esposizione a determinati elementi quotidiani pu\u00f2 alterarne l&#8217;aspetto nel tempo. Per questo motivo \u00e8 importante seguire alcune semplici istruzioni per la cura che contribuiranno a prolungare la vita della collana e a mantenerla come nuova.<\/p>\n<p>Di seguito, condividiamo alcuni suggerimenti importanti per proteggere e prendersi cura della tua collana in argento e zirconi:<\/p>\n<ol>\n<li aria-level=\"1\"><b>Evita i prodotti chimici:\u00a0<\/b>togli la collana prima di applicare profumi, creme o prodotti per la pulizia.<\/li>\n<li aria-level=\"1\"><b>Pulirlo regolarmente:\u00a0<\/b>utilizzare un panno morbido per rimuovere polvere e grasso che potrebbero accumularsi.<\/li>\n<li aria-level=\"1\"><b>Conservala correttamente:\u00a0<\/b>conserva la tua collana singolarmente in una borsa o in una custodia per evitare graffi o danni dovuti al contatto con altri pezzi.<\/li>\n<li aria-level=\"1\"><b>Evitare il contatto con l&#8217;acqua:\u00a0<\/b>non indossare durante il nuoto, la doccia o durante attivit\u00e0 fisiche intense.<\/li>\n<\/ol>\n<p>&nbsp;<\/p>\n<h2>Visita il nostro catalogo<\/h2>\n<p><b>Le collane in argento e zirconi di Salvatore Plata\u00a0<\/b>si distinguono\u00a0per il design, la qualit\u00e0 e la versatilit\u00e0. Che tu preferisca uno stile classico o che tu stia cercando qualcosa di pi\u00f9 audace con colori vivaci, le nostre collezioni offrono un capo per ogni gusto e occasione.<\/p>\n<p>Scopri l&#8217;ampia variet\u00e0 di modelli che abbiamo per te e scegli la collana che meglio rispecchia la tua personalit\u00e0. Visita il nostro\u00a0<a href=\"https:\/\/salvatoreplata-es.translate.goog\/collares-de-plata\/collar-circonitas-plata-diseno-calidad-oro\/?_x_tr_sl=es&amp;_x_tr_tl=it&amp;_x_tr_hl=es&amp;_x_tr_pto=wapp\">catalogo online<\/a>\u00a0.<\/p>\n","protected":false},"excerpt":{"rendered":"<p>Le collane in argento e zirconi sono la scelta perfetta per chi cerca un gioiello che unisca eleganza, qualit\u00e0 e un design senza tempo. Da\u00a0Salvatore Plata\u00a0progettiamo i nostri pezzi seguendo gli standard dell&#8217;alta gioielleria, con tecniche tipiche delle collane in [&hellip;]<\/p>\n","protected":false},"author":4,"featured_media":30308,"comment_status":"closed","ping_status":"closed","sticky":false,"template":"","format":"standard","meta":{"_acf_changed":false,"footnotes":""},"categories":[243,244],"tags":[245,246,247],"class_list":["post-30508","post","type-post","status-publish","format-standard","has-post-thumbnail","hentry","category-circonitas-it","category-collares-de-plata-it","tag-collar-circonitas-it","tag-collar-circonitas-plata-it","tag-collar-de-plata-it"],"acf":[],"yoast_head":"<!-- This site is optimized with the Yoast SEO plugin v27.5 - https:\/\/yoast.com\/product\/yoast-seo-wordpress\/ -->\n<title>Collana in argento e zirconi: design, qualit\u00e0 e versatilit\u00e0 in ogni pezzo - Salvatore Plata<\/title>\n<meta name=\"description\" content=\"Scopri la collana con zirconi in argento che stai cercando. Abbiamo numerosi modelli per tutti gli stili e budget.\" \/>\n<meta name=\"robots\" content=\"index, follow, max-snippet:-1, max-image-preview:large, max-video-preview:-1\" \/>\n<link rel=\"canonical\" href=\"https:\/\/salvatoreplata.es\/it\/collares-de-plata-it\/collana-in-argento-e-zirconi-design-qualita-e-versatilita\/\" \/>\n<meta property=\"og:locale\" content=\"it_IT\" \/>\n<meta property=\"og:type\" content=\"article\" \/>\n<meta property=\"og:title\" content=\"Collana in argento e zirconi: design, qualit\u00e0 e versatilit\u00e0 in ogni pezzo - Salvatore Plata\" \/>\n<meta property=\"og:description\" content=\"Scopri la collana con zirconi in argento che stai cercando. Abbiamo numerosi modelli per tutti gli stili e budget.\" \/>\n<meta property=\"og:url\" content=\"https:\/\/salvatoreplata.es\/it\/collares-de-plata-it\/collana-in-argento-e-zirconi-design-qualita-e-versatilita\/\" \/>\n<meta property=\"og:site_name\" content=\"Salvatore Plata\" \/>\n<meta property=\"article:publisher\" content=\"https:\/\/www.facebook.com\/salvatoreplata\" \/>\n<meta property=\"article:published_time\" content=\"2025-04-01T06:00:45+00:00\" \/>\n<meta property=\"article:modified_time\" content=\"2025-09-30T09:03:16+00:00\" \/>\n<meta property=\"og:image\" content=\"https:\/\/salvatoreplata.es\/wp-content\/uploads\/2025\/02\/collar-ciconitas-plata-blancas-y-colores-tendencias.jpg\" \/>\n\t<meta property=\"og:image:width\" content=\"1500\" \/>\n\t<meta property=\"og:image:height\" content=\"700\" \/>\n\t<meta property=\"og:image:type\" content=\"image\/jpeg\" \/>\n<meta name=\"author\" content=\"kinovo\" \/>\n<meta name=\"twitter:card\" content=\"summary_large_image\" \/>\n<meta name=\"twitter:creator\" content=\"@salvatoreplata\" \/>\n<meta name=\"twitter:site\" content=\"@salvatoreplata\" \/>\n<meta name=\"twitter:label1\" content=\"Scritto da\" \/>\n\t<meta name=\"twitter:data1\" content=\"kinovo\" \/>\n\t<meta name=\"twitter:label2\" content=\"Tempo di lettura stimato\" \/>\n\t<meta name=\"twitter:data2\" content=\"7 minuti\" \/>\n<script type=\"application\/ld+json\" class=\"yoast-schema-graph\">{\"@context\":\"https:\\\/\\\/schema.org\",\"@graph\":[{\"@type\":\"Article\",\"@id\":\"https:\\\/\\\/salvatoreplata.es\\\/it\\\/collares-de-plata-it\\\/collana-in-argento-e-zirconi-design-qualita-e-versatilita\\\/#article\",\"isPartOf\":{\"@id\":\"https:\\\/\\\/salvatoreplata.es\\\/it\\\/collares-de-plata-it\\\/collana-in-argento-e-zirconi-design-qualita-e-versatilita\\\/\"},\"author\":{\"name\":\"kinovo\",\"@id\":\"https:\\\/\\\/salvatoreplata.es\\\/it\\\/#\\\/schema\\\/person\\\/250517f424b334555461db530953f55b\"},\"headline\":\"Collana in argento e zirconi: design, qualit\u00e0 e versatilit\u00e0 in ogni pezzo\",\"datePublished\":\"2025-04-01T06:00:45+00:00\",\"dateModified\":\"2025-09-30T09:03:16+00:00\",\"mainEntityOfPage\":{\"@id\":\"https:\\\/\\\/salvatoreplata.es\\\/it\\\/collares-de-plata-it\\\/collana-in-argento-e-zirconi-design-qualita-e-versatilita\\\/\"},\"wordCount\":1400,\"publisher\":{\"@id\":\"https:\\\/\\\/salvatoreplata.es\\\/it\\\/#organization\"},\"image\":{\"@id\":\"https:\\\/\\\/salvatoreplata.es\\\/it\\\/collares-de-plata-it\\\/collana-in-argento-e-zirconi-design-qualita-e-versatilita\\\/#primaryimage\"},\"thumbnailUrl\":\"https:\\\/\\\/salvatoreplata.es\\\/wp-content\\\/uploads\\\/2025\\\/02\\\/collar-ciconitas-plata-blancas-y-colores-tendencias.jpg\",\"keywords\":[\"Collar circonitas\",\"Collar circonitas plata\",\"Collar de plata\"],\"articleSection\":[\"Circonitas\",\"Collares de plata\"],\"inLanguage\":\"it-IT\"},{\"@type\":\"WebPage\",\"@id\":\"https:\\\/\\\/salvatoreplata.es\\\/it\\\/collares-de-plata-it\\\/collana-in-argento-e-zirconi-design-qualita-e-versatilita\\\/\",\"url\":\"https:\\\/\\\/salvatoreplata.es\\\/it\\\/collares-de-plata-it\\\/collana-in-argento-e-zirconi-design-qualita-e-versatilita\\\/\",\"name\":\"Collana in argento e zirconi: design, qualit\u00e0 e versatilit\u00e0 in ogni pezzo - Salvatore Plata\",\"isPartOf\":{\"@id\":\"https:\\\/\\\/salvatoreplata.es\\\/it\\\/#website\"},\"primaryImageOfPage\":{\"@id\":\"https:\\\/\\\/salvatoreplata.es\\\/it\\\/collares-de-plata-it\\\/collana-in-argento-e-zirconi-design-qualita-e-versatilita\\\/#primaryimage\"},\"image\":{\"@id\":\"https:\\\/\\\/salvatoreplata.es\\\/it\\\/collares-de-plata-it\\\/collana-in-argento-e-zirconi-design-qualita-e-versatilita\\\/#primaryimage\"},\"thumbnailUrl\":\"https:\\\/\\\/salvatoreplata.es\\\/wp-content\\\/uploads\\\/2025\\\/02\\\/collar-ciconitas-plata-blancas-y-colores-tendencias.jpg\",\"datePublished\":\"2025-04-01T06:00:45+00:00\",\"dateModified\":\"2025-09-30T09:03:16+00:00\",\"description\":\"Scopri la collana con zirconi in argento che stai cercando. Abbiamo numerosi modelli per tutti gli stili e budget.\",\"breadcrumb\":{\"@id\":\"https:\\\/\\\/salvatoreplata.es\\\/it\\\/collares-de-plata-it\\\/collana-in-argento-e-zirconi-design-qualita-e-versatilita\\\/#breadcrumb\"},\"inLanguage\":\"it-IT\",\"potentialAction\":[{\"@type\":\"ReadAction\",\"target\":[\"https:\\\/\\\/salvatoreplata.es\\\/it\\\/collares-de-plata-it\\\/collana-in-argento-e-zirconi-design-qualita-e-versatilita\\\/\"]}]},{\"@type\":\"ImageObject\",\"inLanguage\":\"it-IT\",\"@id\":\"https:\\\/\\\/salvatoreplata.es\\\/it\\\/collares-de-plata-it\\\/collana-in-argento-e-zirconi-design-qualita-e-versatilita\\\/#primaryimage\",\"url\":\"https:\\\/\\\/salvatoreplata.es\\\/wp-content\\\/uploads\\\/2025\\\/02\\\/collar-ciconitas-plata-blancas-y-colores-tendencias.jpg\",\"contentUrl\":\"https:\\\/\\\/salvatoreplata.es\\\/wp-content\\\/uploads\\\/2025\\\/02\\\/collar-ciconitas-plata-blancas-y-colores-tendencias.jpg\",\"width\":1500,\"height\":700,\"caption\":\"Collar circonitas plata blanca y colores. tendencias\"},{\"@type\":\"BreadcrumbList\",\"@id\":\"https:\\\/\\\/salvatoreplata.es\\\/it\\\/collares-de-plata-it\\\/collana-in-argento-e-zirconi-design-qualita-e-versatilita\\\/#breadcrumb\",\"itemListElement\":[{\"@type\":\"ListItem\",\"position\":1,\"name\":\"Portada\",\"item\":\"https:\\\/\\\/salvatoreplata.es\\\/it\\\/\"},{\"@type\":\"ListItem\",\"position\":2,\"name\":\"Collana in argento e zirconi: design, qualit\u00e0 e versatilit\u00e0 in ogni pezzo\"}]},{\"@type\":\"WebSite\",\"@id\":\"https:\\\/\\\/salvatoreplata.es\\\/it\\\/#website\",\"url\":\"https:\\\/\\\/salvatoreplata.es\\\/it\\\/\",\"name\":\"Salvatore Plata\",\"description\":\"\",\"publisher\":{\"@id\":\"https:\\\/\\\/salvatoreplata.es\\\/it\\\/#organization\"},\"potentialAction\":[{\"@type\":\"SearchAction\",\"target\":{\"@type\":\"EntryPoint\",\"urlTemplate\":\"https:\\\/\\\/salvatoreplata.es\\\/it\\\/?s={search_term_string}\"},\"query-input\":{\"@type\":\"PropertyValueSpecification\",\"valueRequired\":true,\"valueName\":\"search_term_string\"}}],\"inLanguage\":\"it-IT\"},{\"@type\":\"Organization\",\"@id\":\"https:\\\/\\\/salvatoreplata.es\\\/it\\\/#organization\",\"name\":\"Salvatore Plata\",\"url\":\"https:\\\/\\\/salvatoreplata.es\\\/it\\\/\",\"logo\":{\"@type\":\"ImageObject\",\"inLanguage\":\"it-IT\",\"@id\":\"https:\\\/\\\/salvatoreplata.es\\\/it\\\/#\\\/schema\\\/logo\\\/image\\\/\",\"url\":\"https:\\\/\\\/salvatoreplata.es\\\/wp-content\\\/uploads\\\/2022\\\/06\\\/salvatore-plata-negro.png\",\"contentUrl\":\"https:\\\/\\\/salvatoreplata.es\\\/wp-content\\\/uploads\\\/2022\\\/06\\\/salvatore-plata-negro.png\",\"width\":400,\"height\":68,\"caption\":\"Salvatore Plata\"},\"image\":{\"@id\":\"https:\\\/\\\/salvatoreplata.es\\\/it\\\/#\\\/schema\\\/logo\\\/image\\\/\"},\"sameAs\":[\"https:\\\/\\\/www.facebook.com\\\/salvatoreplata\",\"https:\\\/\\\/x.com\\\/salvatoreplata\",\"https:\\\/\\\/www.instagram.com\\\/salvatore_plata\\\/\",\"https:\\\/\\\/www.youtube.com\\\/channel\\\/UCwYa7BspovHvAG8ikhdHPmQ\",\"http:\\\/\\\/www.pinterest.com\\\/salvatoreplata\\\/\"]},{\"@type\":\"Person\",\"@id\":\"https:\\\/\\\/salvatoreplata.es\\\/it\\\/#\\\/schema\\\/person\\\/250517f424b334555461db530953f55b\",\"name\":\"kinovo\",\"image\":{\"@type\":\"ImageObject\",\"inLanguage\":\"it-IT\",\"@id\":\"https:\\\/\\\/secure.gravatar.com\\\/avatar\\\/8a5cec3054d330c67e0835b428ec6ef5715960e45e5c7ff3ce4f2456b74a7f53?s=96&d=mm&r=g\",\"url\":\"https:\\\/\\\/secure.gravatar.com\\\/avatar\\\/8a5cec3054d330c67e0835b428ec6ef5715960e45e5c7ff3ce4f2456b74a7f53?s=96&d=mm&r=g\",\"contentUrl\":\"https:\\\/\\\/secure.gravatar.com\\\/avatar\\\/8a5cec3054d330c67e0835b428ec6ef5715960e45e5c7ff3ce4f2456b74a7f53?s=96&d=mm&r=g\",\"caption\":\"kinovo\"}}]}<\/script>\n<!-- \/ Yoast SEO plugin. -->","yoast_head_json":{"title":"Collana in argento e zirconi: design, qualit\u00e0 e versatilit\u00e0 in ogni pezzo - Salvatore Plata","description":"Scopri la collana con zirconi in argento che stai cercando. Abbiamo numerosi modelli per tutti gli stili e budget.","robots":{"index":"index","follow":"follow","max-snippet":"max-snippet:-1","max-image-preview":"max-image-preview:large","max-video-preview":"max-video-preview:-1"},"canonical":"https:\/\/salvatoreplata.es\/it\/collares-de-plata-it\/collana-in-argento-e-zirconi-design-qualita-e-versatilita\/","og_locale":"it_IT","og_type":"article","og_title":"Collana in argento e zirconi: design, qualit\u00e0 e versatilit\u00e0 in ogni pezzo - Salvatore Plata","og_description":"Scopri la collana con zirconi in argento che stai cercando. Abbiamo numerosi modelli per tutti gli stili e budget.","og_url":"https:\/\/salvatoreplata.es\/it\/collares-de-plata-it\/collana-in-argento-e-zirconi-design-qualita-e-versatilita\/","og_site_name":"Salvatore Plata","article_publisher":"https:\/\/www.facebook.com\/salvatoreplata","article_published_time":"2025-04-01T06:00:45+00:00","article_modified_time":"2025-09-30T09:03:16+00:00","og_image":[{"width":1500,"height":700,"url":"https:\/\/salvatoreplata.es\/wp-content\/uploads\/2025\/02\/collar-ciconitas-plata-blancas-y-colores-tendencias.jpg","type":"image\/jpeg"}],"author":"kinovo","twitter_card":"summary_large_image","twitter_creator":"@salvatoreplata","twitter_site":"@salvatoreplata","twitter_misc":{"Scritto da":"kinovo","Tempo di lettura stimato":"7 minuti"},"schema":{"@context":"https:\/\/schema.org","@graph":[{"@type":"Article","@id":"https:\/\/salvatoreplata.es\/it\/collares-de-plata-it\/collana-in-argento-e-zirconi-design-qualita-e-versatilita\/#article","isPartOf":{"@id":"https:\/\/salvatoreplata.es\/it\/collares-de-plata-it\/collana-in-argento-e-zirconi-design-qualita-e-versatilita\/"},"author":{"name":"kinovo","@id":"https:\/\/salvatoreplata.es\/it\/#\/schema\/person\/250517f424b334555461db530953f55b"},"headline":"Collana in argento e zirconi: design, qualit\u00e0 e versatilit\u00e0 in ogni pezzo","datePublished":"2025-04-01T06:00:45+00:00","dateModified":"2025-09-30T09:03:16+00:00","mainEntityOfPage":{"@id":"https:\/\/salvatoreplata.es\/it\/collares-de-plata-it\/collana-in-argento-e-zirconi-design-qualita-e-versatilita\/"},"wordCount":1400,"publisher":{"@id":"https:\/\/salvatoreplata.es\/it\/#organization"},"image":{"@id":"https:\/\/salvatoreplata.es\/it\/collares-de-plata-it\/collana-in-argento-e-zirconi-design-qualita-e-versatilita\/#primaryimage"},"thumbnailUrl":"https:\/\/salvatoreplata.es\/wp-content\/uploads\/2025\/02\/collar-ciconitas-plata-blancas-y-colores-tendencias.jpg","keywords":["Collar circonitas","Collar circonitas plata","Collar de plata"],"articleSection":["Circonitas","Collares de plata"],"inLanguage":"it-IT"},{"@type":"WebPage","@id":"https:\/\/salvatoreplata.es\/it\/collares-de-plata-it\/collana-in-argento-e-zirconi-design-qualita-e-versatilita\/","url":"https:\/\/salvatoreplata.es\/it\/collares-de-plata-it\/collana-in-argento-e-zirconi-design-qualita-e-versatilita\/","name":"Collana in argento e zirconi: design, qualit\u00e0 e versatilit\u00e0 in ogni pezzo - Salvatore Plata","isPartOf":{"@id":"https:\/\/salvatoreplata.es\/it\/#website"},"primaryImageOfPage":{"@id":"https:\/\/salvatoreplata.es\/it\/collares-de-plata-it\/collana-in-argento-e-zirconi-design-qualita-e-versatilita\/#primaryimage"},"image":{"@id":"https:\/\/salvatoreplata.es\/it\/collares-de-plata-it\/collana-in-argento-e-zirconi-design-qualita-e-versatilita\/#primaryimage"},"thumbnailUrl":"https:\/\/salvatoreplata.es\/wp-content\/uploads\/2025\/02\/collar-ciconitas-plata-blancas-y-colores-tendencias.jpg","datePublished":"2025-04-01T06:00:45+00:00","dateModified":"2025-09-30T09:03:16+00:00","description":"Scopri la collana con zirconi in argento che stai cercando. Abbiamo numerosi modelli per tutti gli stili e budget.","breadcrumb":{"@id":"https:\/\/salvatoreplata.es\/it\/collares-de-plata-it\/collana-in-argento-e-zirconi-design-qualita-e-versatilita\/#breadcrumb"},"inLanguage":"it-IT","potentialAction":[{"@type":"ReadAction","target":["https:\/\/salvatoreplata.es\/it\/collares-de-plata-it\/collana-in-argento-e-zirconi-design-qualita-e-versatilita\/"]}]},{"@type":"ImageObject","inLanguage":"it-IT","@id":"https:\/\/salvatoreplata.es\/it\/collares-de-plata-it\/collana-in-argento-e-zirconi-design-qualita-e-versatilita\/#primaryimage","url":"https:\/\/salvatoreplata.es\/wp-content\/uploads\/2025\/02\/collar-ciconitas-plata-blancas-y-colores-tendencias.jpg","contentUrl":"https:\/\/salvatoreplata.es\/wp-content\/uploads\/2025\/02\/collar-ciconitas-plata-blancas-y-colores-tendencias.jpg","width":1500,"height":700,"caption":"Collar circonitas plata blanca y colores. tendencias"},{"@type":"BreadcrumbList","@id":"https:\/\/salvatoreplata.es\/it\/collares-de-plata-it\/collana-in-argento-e-zirconi-design-qualita-e-versatilita\/#breadcrumb","itemListElement":[{"@type":"ListItem","position":1,"name":"Portada","item":"https:\/\/salvatoreplata.es\/it\/"},{"@type":"ListItem","position":2,"name":"Collana in argento e zirconi: design, qualit\u00e0 e versatilit\u00e0 in ogni pezzo"}]},{"@type":"WebSite","@id":"https:\/\/salvatoreplata.es\/it\/#website","url":"https:\/\/salvatoreplata.es\/it\/","name":"Salvatore Plata","description":"","publisher":{"@id":"https:\/\/salvatoreplata.es\/it\/#organization"},"potentialAction":[{"@type":"SearchAction","target":{"@type":"EntryPoint","urlTemplate":"https:\/\/salvatoreplata.es\/it\/?s={search_term_string}"},"query-input":{"@type":"PropertyValueSpecification","valueRequired":true,"valueName":"search_term_string"}}],"inLanguage":"it-IT"},{"@type":"Organization","@id":"https:\/\/salvatoreplata.es\/it\/#organization","name":"Salvatore Plata","url":"https:\/\/salvatoreplata.es\/it\/","logo":{"@type":"ImageObject","inLanguage":"it-IT","@id":"https:\/\/salvatoreplata.es\/it\/#\/schema\/logo\/image\/","url":"https:\/\/salvatoreplata.es\/wp-content\/uploads\/2022\/06\/salvatore-plata-negro.png","contentUrl":"https:\/\/salvatoreplata.es\/wp-content\/uploads\/2022\/06\/salvatore-plata-negro.png","width":400,"height":68,"caption":"Salvatore Plata"},"image":{"@id":"https:\/\/salvatoreplata.es\/it\/#\/schema\/logo\/image\/"},"sameAs":["https:\/\/www.facebook.com\/salvatoreplata","https:\/\/x.com\/salvatoreplata","https:\/\/www.instagram.com\/salvatore_plata\/","https:\/\/www.youtube.com\/channel\/UCwYa7BspovHvAG8ikhdHPmQ","http:\/\/www.pinterest.com\/salvatoreplata\/"]},{"@type":"Person","@id":"https:\/\/salvatoreplata.es\/it\/#\/schema\/person\/250517f424b334555461db530953f55b","name":"kinovo","image":{"@type":"ImageObject","inLanguage":"it-IT","@id":"https:\/\/secure.gravatar.com\/avatar\/8a5cec3054d330c67e0835b428ec6ef5715960e45e5c7ff3ce4f2456b74a7f53?s=96&d=mm&r=g","url":"https:\/\/secure.gravatar.com\/avatar\/8a5cec3054d330c67e0835b428ec6ef5715960e45e5c7ff3ce4f2456b74a7f53?s=96&d=mm&r=g","contentUrl":"https:\/\/secure.gravatar.com\/avatar\/8a5cec3054d330c67e0835b428ec6ef5715960e45e5c7ff3ce4f2456b74a7f53?s=96&d=mm&r=g","caption":"kinovo"}}]}},"_links":{"self":[{"href":"https:\/\/salvatoreplata.es\/it\/wp-json\/wp\/v2\/posts\/30508","targetHints":{"allow":["GET"]}}],"collection":[{"href":"https:\/\/salvatoreplata.es\/it\/wp-json\/wp\/v2\/posts"}],"about":[{"href":"https:\/\/salvatoreplata.es\/it\/wp-json\/wp\/v2\/types\/post"}],"author":[{"embeddable":true,"href":"https:\/\/salvatoreplata.es\/it\/wp-json\/wp\/v2\/users\/4"}],"replies":[{"embeddable":true,"href":"https:\/\/salvatoreplata.es\/it\/wp-json\/wp\/v2\/comments?post=30508"}],"version-history":[{"count":3,"href":"https:\/\/salvatoreplata.es\/it\/wp-json\/wp\/v2\/posts\/30508\/revisions"}],"predecessor-version":[{"id":33746,"href":"https:\/\/salvatoreplata.es\/it\/wp-json\/wp\/v2\/posts\/30508\/revisions\/33746"}],"wp:featuredmedia":[{"embeddable":true,"href":"https:\/\/salvatoreplata.es\/it\/wp-json\/wp\/v2\/media\/30308"}],"wp:attachment":[{"href":"https:\/\/salvatoreplata.es\/it\/wp-json\/wp\/v2\/media?parent=30508"}],"wp:term":[{"taxonomy":"category","embeddable":true,"href":"https:\/\/salvatoreplata.es\/it\/wp-json\/wp\/v2\/categories?post=30508"},{"taxonomy":"post_tag","embeddable":true,"href":"https:\/\/salvatoreplata.es\/it\/wp-json\/wp\/v2\/tags?post=30508"}],"curies":[{"name":"wp","href":"https:\/\/api.w.org\/{rel}","templated":true}]}}